{"id":3220,"date":"2026-01-19T07:40:00","date_gmt":"2026-01-19T07:40:00","guid":{"rendered":"https:\/\/institutfrancais.ro\/iasi\/?p=3220"},"modified":"2026-01-21T08:10:47","modified_gmt":"2026-01-21T08:10:47","slug":"informatii-practice","status":"publish","type":"post","link":"https:\/\/institutfrancais.ro\/iasi\/informatii-practice\/","title":{"rendered":"Informa\u021bii practice"},"content":{"rendered":"\n<h2 class=\"wp-block-heading\">Mediateca Institutului Francez din Rom\u00e2nia la Ia\u0219i<\/h2>\n\n\n\n<figure class=\"wp-block-image size-large is-resized\"><img loading=\"lazy\" decoding=\"async\" width=\"1024\" height=\"771\" src=\"https:\/\/institutfrancais.ro\/iasi\/wp-content\/uploads\/sites\/4\/2026\/01\/615365819_1499105258888594_1963972947825498285_n-1024x771.jpg\" alt=\"\" class=\"wp-image-7105\" style=\"width:447px;height:auto\" srcset=\"https:\/\/institutfrancais.ro\/iasi\/wp-content\/uploads\/sites\/4\/2026\/01\/615365819_1499105258888594_1963972947825498285_n-1024x771.jpg 1024w, https:\/\/institutfrancais.ro\/iasi\/wp-content\/uploads\/sites\/4\/2026\/01\/615365819_1499105258888594_1963972947825498285_n-300x226.jpg 300w, https:\/\/institutfrancais.ro\/iasi\/wp-content\/uploads\/sites\/4\/2026\/01\/615365819_1499105258888594_1963972947825498285_n-768x578.jpg 768w, https:\/\/institutfrancais.ro\/iasi\/wp-content\/uploads\/sites\/4\/2026\/01\/615365819_1499105258888594_1963972947825498285_n-1536x1156.jpg 1536w, https:\/\/institutfrancais.ro\/iasi\/wp-content\/uploads\/sites\/4\/2026\/01\/615365819_1499105258888594_1963972947825498285_n.jpg 1920w\" sizes=\"auto, (max-width: 1024px) 100vw, 1024px\" \/><\/figure>\n\n\n\n<p>Adres\u0103:&nbsp;Palatul Braunstein, strada Cuza-Vod\u0103 nr. 2, etajul 1<\/p>\n\n\n\n<p>Situat\u0103 \u00een inima ora\u0219ului, mediateca Institutului Francez din Rom\u00e2nia la Ia\u0219i v\u0103 a\u0219teapt\u0103 \u00een noua sa configura\u021bie: spa\u021bii luminoase \u0219i aerisite, organizate \u00een dou\u0103 s\u0103li, \u0219i colec\u021bii atent selec\u021bionate \u0219i actualizate constant.<\/p>\n\n\n\n<p>Fondurile sunt structurate \u00een jurul unor mari categorii, cu un accent deosebit pe:<\/p>\n\n\n\n<ul class=\"wp-block-list\">\n<li>literatura francez\u0103 \u0219i francofon\u0103 contemporan\u0103,<\/li>\n\n\n\n<li>benzi desenate,<\/li>\n\n\n\n<li>c\u0103r\u021bi pentru copii \u0219i tineri,<\/li>\n\n\n\n<li>precum \u0219i pe eseuri \u0219i c\u0103r\u021bi de actualitate&nbsp;care alimenteaz\u0103 dezbaterea cultural\u0103 \u0219i intelectual\u0103 din Fran\u021ba de ast\u0103zi.<\/li>\n<\/ul>\n\n\n\n<p>Mediateca pune la dispozi\u021bia publicului \u0219i o selec\u021bie de periodice, precum \u0219i o sal\u0103 dedicat\u0103 literaturii pentru copii.<\/p>\n\n\n\n<p><strong>Program:<\/strong><\/p>\n\n\n\n<ul class=\"wp-block-list\">\n<li>Luni, mar\u021bi, miercuri \u0219i vineri: 9:00 \u2013 15:30<\/li>\n\n\n\n<li>Joi: 10:00 \u2013 20:00<\/li>\n<\/ul>\n\n\n\n<p><strong>Abonamente:<\/strong><\/p>\n\n\n\n<ul class=\"wp-block-list\">\n<li>Tarif \u00eentreg: 80 RON \/ an<\/li>\n\n\n\n<li>Tarif redus (elevi, studen\u021bi, pensionari, profesori, \u0219omeri): 55 RON \/ an<\/li>\n<\/ul>\n\n\n\n<p>Plata se poate face online sau la sediu.<\/p>\n\n\n\n<p><br><\/p>\n\n\n\n<p><\/p>\n\n\n\n<p><\/p>\n","protected":false},"excerpt":{"rendered":"<p>Mediateca Institutului Francez din Rom\u00e2nia la Ia\u0219i Adres\u0103:&nbsp;Palatul Braunstein, strada Cuza-Vod\u0103 nr. 2, etajul 1 Situat\u0103 \u00een inima ora\u0219ului, mediateca Institutului Francez din Rom\u00e2nia la Ia\u0219i v\u0103 a\u0219teapt\u0103 \u00een noua sa configura\u021bie: spa\u021bii luminoase \u0219i aerisite, organizate \u00een dou\u0103 s\u0103li, \u0219i colec\u021bii atent selec\u021bionate \u0219i actualizate constant. Fondurile sunt structurate \u00een jurul unor mari categorii, [&hellip;]<\/p>\n","protected":false},"author":10,"featured_media":7105,"comment_status":"open","ping_status":"open","sticky":false,"template":"","format":"standard","meta":{"footnotes":""},"categories":[29],"tags":[],"class_list":["post-3220","post","type-post","status-publish","format-standard","has-post-thumbnail","hentry","category-mediateca"],"_links":{"self":[{"href":"https:\/\/institutfrancais.ro\/iasi\/wp-json\/wp\/v2\/posts\/3220","targetHints":{"allow":["GET"]}}],"collection":[{"href":"https:\/\/institutfrancais.ro\/iasi\/wp-json\/wp\/v2\/posts"}],"about":[{"href":"https:\/\/institutfrancais.ro\/iasi\/wp-json\/wp\/v2\/types\/post"}],"author":[{"embeddable":true,"href":"https:\/\/institutfrancais.ro\/iasi\/wp-json\/wp\/v2\/users\/10"}],"replies":[{"embeddable":true,"href":"https:\/\/institutfrancais.ro\/iasi\/wp-json\/wp\/v2\/comments?post=3220"}],"version-history":[{"count":20,"href":"https:\/\/institutfrancais.ro\/iasi\/wp-json\/wp\/v2\/posts\/3220\/revisions"}],"predecessor-version":[{"id":7107,"href":"https:\/\/institutfrancais.ro\/iasi\/wp-json\/wp\/v2\/posts\/3220\/revisions\/7107"}],"wp:featuredmedia":[{"embeddable":true,"href":"https:\/\/institutfrancais.ro\/iasi\/wp-json\/wp\/v2\/media\/7105"}],"wp:attachment":[{"href":"https:\/\/institutfrancais.ro\/iasi\/wp-json\/wp\/v2\/media?parent=3220"}],"wp:term":[{"taxonomy":"category","embeddable":true,"href":"https:\/\/institutfrancais.ro\/iasi\/wp-json\/wp\/v2\/categories?post=3220"},{"taxonomy":"post_tag","embeddable":true,"href":"https:\/\/institutfrancais.ro\/iasi\/wp-json\/wp\/v2\/tags?post=3220"}],"curies":[{"name":"wp","href":"https:\/\/api.w.org\/{rel}","templated":true}]}}