{"id":4645,"date":"2023-09-18T08:38:00","date_gmt":"2023-09-18T08:38:00","guid":{"rendered":"https:\/\/institutfrancais.ro\/iasi\/?p=4645"},"modified":"2023-11-16T09:50:53","modified_gmt":"2023-11-16T09:50:53","slug":"vorbeste-mi-despre-tine-cafenea-lingvistica-editia-a-doua","status":"publish","type":"post","link":"https:\/\/institutfrancais.ro\/iasi\/vorbeste-mi-despre-tine-cafenea-lingvistica-editia-a-doua\/","title":{"rendered":"Ziua European\u0103 a Limbilor"},"content":{"rendered":"\n<figure class=\"wp-block-image size-full\"><img loading=\"lazy\" decoding=\"async\" width=\"526\" height=\"275\" src=\"https:\/\/institutfrancais.ro\/iasi\/wp-content\/uploads\/sites\/4\/2023\/09\/379996422_705295074975487_936073515618610484_n.jpg\" alt=\"\" class=\"wp-image-4646\" srcset=\"https:\/\/institutfrancais.ro\/iasi\/wp-content\/uploads\/sites\/4\/2023\/09\/379996422_705295074975487_936073515618610484_n.jpg 526w, https:\/\/institutfrancais.ro\/iasi\/wp-content\/uploads\/sites\/4\/2023\/09\/379996422_705295074975487_936073515618610484_n-300x157.jpg 300w\" sizes=\"auto, (max-width: 526px) 100vw, 526px\" \/><\/figure>\n\n\n\n<h2 class=\"wp-block-heading\">\u201dVorbeste-mi despre tine!\u201d &#8211; Cafenea lingvistica, editia a doua<\/h2>\n\n\n\n<p>Pe 26 septembrie, Ziua European\u0103 a Limbilor &#8211;<a href=\"https:\/\/www.facebook.com\/hashtag\/europeandayoflanguages?__eep__=6&amp;__cft__[0]=AZXbjmqWzqOBCLq0rlr0FBMsZdgXI19OY01boVGVaAXEqDKcCKxfoF5Ug4Iuh9eG5nWZrev2AcbPSdLjZqiENxdsoNnbdko3DO63FGqja40-5DuKhjKIoWJ7Nrxb5RnIiCM&amp;__tn__=q\">#EuropeanDayofLanguages<\/a>, de la ora 13,00, vom celebra, \u00een cocheta gr\u0103din\u0103 de la Institutul Francez din Rom\u00e2nia la Ia\u0219i, bog\u0103\u021bia lingvistic\u0103 \u0219i cultural\u0103 a Europei.<br>\u00cen cadrul celei de-a doua edi\u021bii a evenimentului \u201dVorbe\u0219te-mi despre tine!\u201d, vom cunoa\u0219te tineri din alte \u021b\u0103ri care fac voluntariat \u00een Rom\u00e2nia prin Corpul European de Solidaritate sau care au ales s\u0103 studieze prin mobilit\u0103\u021bi Erasmus+ \u00een universit\u0103\u021bi din Ia\u0219i.<br>\u201dVorbe\u0219te-mi despre tine!\u201d marcheaz\u0103 Ziua European\u0103 a Limbilor, la Ia\u0219i, \u00een 2023 &#8211; Anul European al Competen\u021belor. Evenimentul pune \u00een eviden\u021b\u0103 bog\u0103\u021bia lingvistic\u0103 \u0219i cultural\u0103 a Europei \u0219i faptul c\u0103 \u00eempreun\u0103 suntem mai puternici&nbsp;<a href=\"https:\/\/www.facebook.com\/hashtag\/strongertogether?__eep__=6&amp;__cft__[0]=AZXbjmqWzqOBCLq0rlr0FBMsZdgXI19OY01boVGVaAXEqDKcCKxfoF5Ug4Iuh9eG5nWZrev2AcbPSdLjZqiENxdsoNnbdko3DO63FGqja40-5DuKhjKIoWJ7Nrxb5RnIiCM&amp;__tn__=q\">#StrongerTogether<\/a>.<br>Ziua European\u0103 a Limbilor are scopul de a aduce \u00een aten\u021bia publicului marea varietate lingvistic\u0103 \u0219i cultural\u0103 din Europa, de a \u00eencuraja oamenii de orice v\u00e2rst\u0103 s\u0103 \u00eenve\u021be limbi str\u0103ine, precum \u0219i de a promova profesia de traduc\u0103tor, de interpret \u0219i alte profesii legate de domeniul lingvistic. Ziua European\u0103 a Limbilor este s\u0103rb\u0103torit\u0103, din 2001, \u00een fiecare an, pe data de 26 septembrie, la ini\u021biativa Consiliului Europei \u0219i a Comisiei Europene.<br>\u201dVorbe\u0219te-mi despre tine!\u201d\u201d este un eveniment organizat de Institutul Francez \u00een Rom\u00e2nia la Ia\u0219i \u0219i Centrul Europe Direct Ia\u0219i, \u00een parteneriat cu Asocia\u021bia SUPER TINERI (ASIRYS), Erasmus Student Network &#8211; ESN Iasi \u0219i Biblioteca Jude\u0163ean\u0103 \u201dGh. Asachi\u201d Ia\u015fi.<br>Pentru \u00eenscrieri, v\u0103 rug\u0103m s\u0103 ne trimite\u021bi un email la europedirect.iasi@yahoo.ro<\/p>\n","protected":false},"excerpt":{"rendered":"<p>\u201dVorbeste-mi despre tine!\u201d &#8211; Cafenea lingvistica, editia a doua Pe 26 septembrie, Ziua European\u0103 a Limbilor &#8211;#EuropeanDayofLanguages, de la ora 13,00, vom celebra, \u00een cocheta gr\u0103din\u0103 de la Institutul Francez din Rom\u00e2nia la Ia\u0219i, bog\u0103\u021bia lingvistic\u0103 \u0219i cultural\u0103 a Europei.\u00cen cadrul celei de-a doua edi\u021bii a evenimentului \u201dVorbe\u0219te-mi despre tine!\u201d, vom cunoa\u0219te tineri din alte [&hellip;]<\/p>\n","protected":false},"author":10,"featured_media":4646,"comment_status":"open","ping_status":"open","sticky":false,"template":"","format":"standard","meta":{"footnotes":""},"categories":[30],"tags":[],"class_list":["post-4645","post","type-post","status-publish","format-standard","has-post-thumbnail","hentry","category-cultura"],"_links":{"self":[{"href":"https:\/\/institutfrancais.ro\/iasi\/wp-json\/wp\/v2\/posts\/4645","targetHints":{"allow":["GET"]}}],"collection":[{"href":"https:\/\/institutfrancais.ro\/iasi\/wp-json\/wp\/v2\/posts"}],"about":[{"href":"https:\/\/institutfrancais.ro\/iasi\/wp-json\/wp\/v2\/types\/post"}],"author":[{"embeddable":true,"href":"https:\/\/institutfrancais.ro\/iasi\/wp-json\/wp\/v2\/users\/10"}],"replies":[{"embeddable":true,"href":"https:\/\/institutfrancais.ro\/iasi\/wp-json\/wp\/v2\/comments?post=4645"}],"version-history":[{"count":4,"href":"https:\/\/institutfrancais.ro\/iasi\/wp-json\/wp\/v2\/posts\/4645\/revisions"}],"predecessor-version":[{"id":4994,"href":"https:\/\/institutfrancais.ro\/iasi\/wp-json\/wp\/v2\/posts\/4645\/revisions\/4994"}],"wp:featuredmedia":[{"embeddable":true,"href":"https:\/\/institutfrancais.ro\/iasi\/wp-json\/wp\/v2\/media\/4646"}],"wp:attachment":[{"href":"https:\/\/institutfrancais.ro\/iasi\/wp-json\/wp\/v2\/media?parent=4645"}],"wp:term":[{"taxonomy":"category","embeddable":true,"href":"https:\/\/institutfrancais.ro\/iasi\/wp-json\/wp\/v2\/categories?post=4645"},{"taxonomy":"post_tag","embeddable":true,"href":"https:\/\/institutfrancais.ro\/iasi\/wp-json\/wp\/v2\/tags?post=4645"}],"curies":[{"name":"wp","href":"https:\/\/api.w.org\/{rel}","templated":true}]}}