{"id":6713,"date":"2025-10-08T08:03:09","date_gmt":"2025-10-08T08:03:09","guid":{"rendered":"https:\/\/institutfrancais.ro\/iasi\/?p=6713"},"modified":"2025-10-22T08:32:26","modified_gmt":"2025-10-22T08:32:26","slug":"sear%d3%91-de-film-francez-cu-surprize-pentru-gurmanzi","status":"publish","type":"post","link":"https:\/\/institutfrancais.ro\/iasi\/sear%d3%91-de-film-francez-cu-surprize-pentru-gurmanzi\/","title":{"rendered":"Sear\u04d1 de film francez cu surprize pentru gurmanzi"},"content":{"rendered":"\n<figure class=\"wp-block-image size-full\"><img loading=\"lazy\" decoding=\"async\" width=\"697\" height=\"313\" src=\"https:\/\/institutfrancais.ro\/iasi\/wp-content\/uploads\/sites\/4\/2025\/10\/559374596_1405476188251502_2925278098103783172_n-1.jpg\" alt=\"\" class=\"wp-image-6716\" srcset=\"https:\/\/institutfrancais.ro\/iasi\/wp-content\/uploads\/sites\/4\/2025\/10\/559374596_1405476188251502_2925278098103783172_n-1.jpg 697w, https:\/\/institutfrancais.ro\/iasi\/wp-content\/uploads\/sites\/4\/2025\/10\/559374596_1405476188251502_2925278098103783172_n-1-300x135.jpg 300w\" sizes=\"auto, (max-width: 697px) 100vw, 697px\" \/><figcaption class=\"wp-element-caption\"><br>Cinema european la Palatul Braunstein<\/figcaption><\/figure>\n\n\n\n<p>A la belle \u00e9toile, de S\u00e9bastien Tulard, 2022, 1h50, comedie dramatic\u04d1<br>Joi, 16 octombrie 2025, ora 18.00<br>Palatul Braustein, str. Cuza Vod\u04d1 nr. 2, Ia\u0219i, etajul 1<br>Film subtitrat \u00een limba englez\u04d1<\/p>\n\n\n\n<p>Institutul Francez din Rom\u00e2nia la Ia\u0219i, Centrul Cultural German Ia\u0219i \u0219i Centrul Cultural Portughez Ia\u0219i prezint\u04d1 la Palatul Braunstein, str. Cuza Vod\u0103, nr. 2, o serie de proiec\u021bii de film, menite s\u04d1 aduc\u04d1 \u00een aten\u021bia publicului bog\u04d1\u021bia multicultural\u04d1 a cinematografiei europene.<br>Cea de-a doua dintre acestea este un film francez, A la belle \u00e9toile, care jongleaz\u04d1 cu arome \u00een fascinanta lume a gastronomiei, pe care \u00eel vom \u00eenso\u021bi la r\u00e2ndul nostru de o surpriz\u04d1 care sper\u04d1m s\u04d1 fie pe gustul cinefililor gurmanzi prezen\u021bi.<\/p>\n\n\n\n<p>Sinopsis:<br>\u00cenc\u0103 din copil\u0103rie, Yazid este pasionat de patiserie. Plimbat \u00eentre familii adoptive \u0219i centre de plasament pe tot parcursul copil\u0103riei, \u0219i-a dezvoltat un temperament puternic. Dar pentru a reu\u0219i \u00een lumea elitist\u0103 a patiseriei, t\u00e2n\u0103rul va trebui s\u0103 \u00eenve\u021be s\u0103 se st\u0103p\u00e2neasc\u0103. De la \u00c9pernay la Paris, trec\u00e2nd prin Monaco, va lucra la cei mai mari mae\u0219tri patiseri pentru a deveni cel mai bun \u0219i va \u00eencerca s\u0103-\u0219i realizeze visul c\u00e2\u0219tig\u00e2nd concursul pentru campion mondial la patiserie.<br>Pre\u021b bilet : 10 lei<br><a href=\"https:\/\/eventbook.ro\/film\/bilete-seara-de-film-francez-a-la-belle-etoile\" target=\"_blank\" rel=\"noreferrer noopener\">https:\/\/eventbook.ro\/&#8230;\/bilete-seara-de-film-francez-a&#8230;<\/a><\/p>\n\n\n<div class=\"wp-block-image\">\n<figure class=\"aligncenter size-large is-resized\"><img loading=\"lazy\" decoding=\"async\" width=\"755\" height=\"1024\" src=\"https:\/\/institutfrancais.ro\/iasi\/wp-content\/uploads\/sites\/4\/2025\/10\/IMG_2080-755x1024.jpeg\" alt=\"\" class=\"wp-image-6772\" style=\"width:361px;height:auto\" srcset=\"https:\/\/institutfrancais.ro\/iasi\/wp-content\/uploads\/sites\/4\/2025\/10\/IMG_2080-755x1024.jpeg 755w, https:\/\/institutfrancais.ro\/iasi\/wp-content\/uploads\/sites\/4\/2025\/10\/IMG_2080-221x300.jpeg 221w, https:\/\/institutfrancais.ro\/iasi\/wp-content\/uploads\/sites\/4\/2025\/10\/IMG_2080-768x1042.jpeg 768w, https:\/\/institutfrancais.ro\/iasi\/wp-content\/uploads\/sites\/4\/2025\/10\/IMG_2080.jpeg 1113w\" sizes=\"auto, (max-width: 755px) 100vw, 755px\" \/><\/figure><\/div>\n\n\n<figure class=\"wp-block-gallery has-nested-images columns-default is-cropped wp-block-gallery-1 is-layout-flex wp-block-gallery-is-layout-flex\">\n<figure class=\"wp-block-image size-large\"><img loading=\"lazy\" decoding=\"async\" width=\"1024\" height=\"771\" data-id=\"6793\" src=\"https:\/\/institutfrancais.ro\/iasi\/wp-content\/uploads\/sites\/4\/2025\/10\/IMG_2110-1-1024x771.jpeg\" alt=\"\" class=\"wp-image-6793\" srcset=\"https:\/\/institutfrancais.ro\/iasi\/wp-content\/uploads\/sites\/4\/2025\/10\/IMG_2110-1-1024x771.jpeg 1024w, https:\/\/institutfrancais.ro\/iasi\/wp-content\/uploads\/sites\/4\/2025\/10\/IMG_2110-1-300x226.jpeg 300w, https:\/\/institutfrancais.ro\/iasi\/wp-content\/uploads\/sites\/4\/2025\/10\/IMG_2110-1-768x578.jpeg 768w, https:\/\/institutfrancais.ro\/iasi\/wp-content\/uploads\/sites\/4\/2025\/10\/IMG_2110-1.jpeg 1209w\" sizes=\"auto, (max-width: 1024px) 100vw, 1024px\" \/><\/figure>\n\n\n\n<figure class=\"wp-block-image size-large\"><img loading=\"lazy\" decoding=\"async\" width=\"627\" height=\"1024\" data-id=\"6794\" src=\"https:\/\/institutfrancais.ro\/iasi\/wp-content\/uploads\/sites\/4\/2025\/10\/IMG_2111-627x1024.jpeg\" alt=\"\" class=\"wp-image-6794\" srcset=\"https:\/\/institutfrancais.ro\/iasi\/wp-content\/uploads\/sites\/4\/2025\/10\/IMG_2111-627x1024.jpeg 627w, https:\/\/institutfrancais.ro\/iasi\/wp-content\/uploads\/sites\/4\/2025\/10\/IMG_2111-184x300.jpeg 184w, https:\/\/institutfrancais.ro\/iasi\/wp-content\/uploads\/sites\/4\/2025\/10\/IMG_2111-768x1254.jpeg 768w, https:\/\/institutfrancais.ro\/iasi\/wp-content\/uploads\/sites\/4\/2025\/10\/IMG_2111-941x1536.jpeg 941w, https:\/\/institutfrancais.ro\/iasi\/wp-content\/uploads\/sites\/4\/2025\/10\/IMG_2111.jpeg 1026w\" sizes=\"auto, (max-width: 627px) 100vw, 627px\" \/><\/figure>\n\n\n\n<figure class=\"wp-block-image size-large\"><img loading=\"lazy\" decoding=\"async\" width=\"1024\" height=\"771\" data-id=\"6797\" src=\"https:\/\/institutfrancais.ro\/iasi\/wp-content\/uploads\/sites\/4\/2025\/10\/IMG_2112-1024x771.jpeg\" alt=\"\" class=\"wp-image-6797\" srcset=\"https:\/\/institutfrancais.ro\/iasi\/wp-content\/uploads\/sites\/4\/2025\/10\/IMG_2112-1024x771.jpeg 1024w, https:\/\/institutfrancais.ro\/iasi\/wp-content\/uploads\/sites\/4\/2025\/10\/IMG_2112-300x226.jpeg 300w, https:\/\/institutfrancais.ro\/iasi\/wp-content\/uploads\/sites\/4\/2025\/10\/IMG_2112-768x578.jpeg 768w, https:\/\/institutfrancais.ro\/iasi\/wp-content\/uploads\/sites\/4\/2025\/10\/IMG_2112.jpeg 1209w\" sizes=\"auto, (max-width: 1024px) 100vw, 1024px\" \/><\/figure>\n<\/figure>\n","protected":false},"excerpt":{"rendered":"<p>A la belle \u00e9toile, de S\u00e9bastien Tulard, 2022, 1h50, comedie dramatic\u04d1Joi, 16 octombrie 2025, ora 18.00Palatul Braustein, str. Cuza Vod\u04d1 nr. 2, Ia\u0219i, etajul 1Film subtitrat \u00een limba englez\u04d1 Institutul Francez din Rom\u00e2nia la Ia\u0219i, Centrul Cultural German Ia\u0219i \u0219i Centrul Cultural Portughez Ia\u0219i prezint\u04d1 la Palatul Braunstein, str. Cuza Vod\u0103, nr. 2, o serie [&hellip;]<\/p>\n","protected":false},"author":10,"featured_media":6714,"comment_status":"open","ping_status":"open","sticky":false,"template":"","format":"standard","meta":{"footnotes":""},"categories":[53],"tags":[],"class_list":["post-6713","post","type-post","status-publish","format-standard","has-post-thumbnail","hentry","category-cinema"],"_links":{"self":[{"href":"https:\/\/institutfrancais.ro\/iasi\/wp-json\/wp\/v2\/posts\/6713","targetHints":{"allow":["GET"]}}],"collection":[{"href":"https:\/\/institutfrancais.ro\/iasi\/wp-json\/wp\/v2\/posts"}],"about":[{"href":"https:\/\/institutfrancais.ro\/iasi\/wp-json\/wp\/v2\/types\/post"}],"author":[{"embeddable":true,"href":"https:\/\/institutfrancais.ro\/iasi\/wp-json\/wp\/v2\/users\/10"}],"replies":[{"embeddable":true,"href":"https:\/\/institutfrancais.ro\/iasi\/wp-json\/wp\/v2\/comments?post=6713"}],"version-history":[{"count":5,"href":"https:\/\/institutfrancais.ro\/iasi\/wp-json\/wp\/v2\/posts\/6713\/revisions"}],"predecessor-version":[{"id":6799,"href":"https:\/\/institutfrancais.ro\/iasi\/wp-json\/wp\/v2\/posts\/6713\/revisions\/6799"}],"wp:featuredmedia":[{"embeddable":true,"href":"https:\/\/institutfrancais.ro\/iasi\/wp-json\/wp\/v2\/media\/6714"}],"wp:attachment":[{"href":"https:\/\/institutfrancais.ro\/iasi\/wp-json\/wp\/v2\/media?parent=6713"}],"wp:term":[{"taxonomy":"category","embeddable":true,"href":"https:\/\/institutfrancais.ro\/iasi\/wp-json\/wp\/v2\/categories?post=6713"},{"taxonomy":"post_tag","embeddable":true,"href":"https:\/\/institutfrancais.ro\/iasi\/wp-json\/wp\/v2\/tags?post=6713"}],"curies":[{"name":"wp","href":"https:\/\/api.w.org\/{rel}","templated":true}]}}