{"id":7549,"date":"2026-04-27T07:51:17","date_gmt":"2026-04-27T07:51:17","guid":{"rendered":"https:\/\/institutfrancais.ro\/iasi\/?p=7549"},"modified":"2026-04-28T08:01:54","modified_gmt":"2026-04-28T08:01:54","slug":"magda-by-gianina","status":"publish","type":"post","link":"https:\/\/institutfrancais.ro\/iasi\/magda-by-gianina\/","title":{"rendered":"Magda by Gianina"},"content":{"rendered":"\n<figure class=\"wp-block-image size-full is-resized\"><img loading=\"lazy\" decoding=\"async\" width=\"960\" height=\"452\" src=\"https:\/\/institutfrancais.ro\/iasi\/wp-content\/uploads\/sites\/4\/2026\/04\/681921932_1588031276662658_6675050843606074895_n.jpg\" alt=\"\" class=\"wp-image-7550\" style=\"width:438px;height:auto\" srcset=\"https:\/\/institutfrancais.ro\/iasi\/wp-content\/uploads\/sites\/4\/2026\/04\/681921932_1588031276662658_6675050843606074895_n.jpg 960w, https:\/\/institutfrancais.ro\/iasi\/wp-content\/uploads\/sites\/4\/2026\/04\/681921932_1588031276662658_6675050843606074895_n-300x141.jpg 300w, https:\/\/institutfrancais.ro\/iasi\/wp-content\/uploads\/sites\/4\/2026\/04\/681921932_1588031276662658_6675050843606074895_n-768x362.jpg 768w\" sizes=\"auto, (max-width: 960px) 100vw, 960px\" \/><\/figure>\n\n\n\n<p>8 mai 2026 | 18:00 | sala Benjamin Fondane a Institutului Francez, Palatul Braunstein, et. 1<br>Bilete:&nbsp;<a href=\"https:\/\/eventbook.ro\/theater\/bilete-magda-by-gianina?fbclid=IwZXh0bgNhZW0CMTAAYnJpZBEwMWFXOHRrcTBBdmFGMlA1UnNydGMGYXBwX2lkEDIyMjAzOTE3ODgyMDA4OTIAAR5zOsnN_MZnGBuXkKoq_1P9TlcdslXGSGPxwy-nldkFp8G0LmieXgYdqZHuIQ_aem_P65DHMDyr0nTwYZNOUl1lA\" rel=\"noreferrer noopener\" target=\"_blank\">https:\/\/eventbook.ro\/theater\/bilete-magda-by-gianina<\/a><\/p>\n\n\n\n<p>Un spectacol de Gianina C\u0103rbunariu \u00een cadrul Romanian Mental Health Film Festival \u0219i Les Rencontres \u2013 \u00cent\u00e2lnirile Institutului Francez<\/p>\n\n\n\n<p>Pornind de la documente de arhiv\u0103 \u0219i de la propriile amintiri ca t\u00e2n\u0103r\u0103 regizoare dup\u0103 2004, Gianina C\u0103rbunariu reconstituie povestea regizoarei Magda Bordeianu, cea care \u00een 1968, \u00eenc\u0103 student\u0103, a \u00eenfiin\u021bat la Casa de Cultur\u0103 a Studen\u021bilor din Bucure\u0219ti Teatrul Podul \u2013 un spa\u021biu care a trezit un larg interes \u00een lumea teatral\u0103 a momentului \u0219i care a influen\u021bat genera\u021bii. Spectacolul lectur\u0103 pune fa\u021b\u0103 \u00een fa\u021b\u0103 dou\u0103 genera\u021bii de artiste \u2013 cea afirmat\u0103 \u00een anii de dup\u0103 al Doilea R\u0103zboi Mondial \u0219i cea crescut\u0103 \u00een libertate dup\u0103 Revolu\u021bia din 1989 \u2013 \u0219i ridic\u0103 \u00eentreb\u0103ri despre libertatea de expresie \u0219i alegerile personale \u00een contexte politice diferite.<br>Spectacolul va fi urmat de o dezbatere, la care vor participa Bogdan Cre\u021bu \u0219i Alexandra Bandac.<br>Echip\u0103:<br>Gianina C\u0103rbunariu \u2013 regie, dramaturgie, interpretare<br>Kinga Boros \u2013 dramaturg<br>Adrian Ganea \u2013 concept video<br>Spectacol \u00een limba rom\u00e2n\u0103, cu subtitrare \u00een limba francez\u0103<\/p>\n","protected":false},"excerpt":{"rendered":"<p>8 mai 2026 | 18:00 | sala Benjamin Fondane a Institutului Francez, Palatul Braunstein, et. 1Bilete:&nbsp;https:\/\/eventbook.ro\/theater\/bilete-magda-by-gianina Un spectacol de Gianina C\u0103rbunariu \u00een cadrul Romanian Mental Health Film Festival \u0219i Les Rencontres \u2013 \u00cent\u00e2lnirile Institutului Francez Pornind de la documente de arhiv\u0103 \u0219i de la propriile amintiri ca t\u00e2n\u0103r\u0103 regizoare dup\u0103 2004, Gianina C\u0103rbunariu reconstituie povestea [&hellip;]<\/p>\n","protected":false},"author":10,"featured_media":7550,"comment_status":"open","ping_status":"open","sticky":false,"template":"","format":"standard","meta":{"footnotes":""},"categories":[30],"tags":[],"class_list":["post-7549","post","type-post","status-publish","format-standard","has-post-thumbnail","hentry","category-cultura"],"_links":{"self":[{"href":"https:\/\/institutfrancais.ro\/iasi\/wp-json\/wp\/v2\/posts\/7549","targetHints":{"allow":["GET"]}}],"collection":[{"href":"https:\/\/institutfrancais.ro\/iasi\/wp-json\/wp\/v2\/posts"}],"about":[{"href":"https:\/\/institutfrancais.ro\/iasi\/wp-json\/wp\/v2\/types\/post"}],"author":[{"embeddable":true,"href":"https:\/\/institutfrancais.ro\/iasi\/wp-json\/wp\/v2\/users\/10"}],"replies":[{"embeddable":true,"href":"https:\/\/institutfrancais.ro\/iasi\/wp-json\/wp\/v2\/comments?post=7549"}],"version-history":[{"count":2,"href":"https:\/\/institutfrancais.ro\/iasi\/wp-json\/wp\/v2\/posts\/7549\/revisions"}],"predecessor-version":[{"id":7557,"href":"https:\/\/institutfrancais.ro\/iasi\/wp-json\/wp\/v2\/posts\/7549\/revisions\/7557"}],"wp:featuredmedia":[{"embeddable":true,"href":"https:\/\/institutfrancais.ro\/iasi\/wp-json\/wp\/v2\/media\/7550"}],"wp:attachment":[{"href":"https:\/\/institutfrancais.ro\/iasi\/wp-json\/wp\/v2\/media?parent=7549"}],"wp:term":[{"taxonomy":"category","embeddable":true,"href":"https:\/\/institutfrancais.ro\/iasi\/wp-json\/wp\/v2\/categories?post=7549"},{"taxonomy":"post_tag","embeddable":true,"href":"https:\/\/institutfrancais.ro\/iasi\/wp-json\/wp\/v2\/tags?post=7549"}],"curies":[{"name":"wp","href":"https:\/\/api.w.org\/{rel}","templated":true}]}}