{"id":1105,"date":"2021-06-01T14:48:11","date_gmt":"2021-06-01T14:48:11","guid":{"rendered":"https:\/\/institutfrancais.ro\/timisoara\/noaptea-filosofiei-prezentare\/"},"modified":"2021-06-19T12:59:21","modified_gmt":"2021-06-19T12:59:21","slug":"noaptea-filosofiei-prezentare","status":"publish","type":"post","link":"https:\/\/institutfrancais.ro\/timisoara\/fr\/noaptea-filosofiei-prezentare\/","title":{"rendered":"Premi\u00e8re Nuit de la philosophie \u00e0 Timisoara"},"content":{"rendered":"\n<p><strong>Nous verrons la philosophie sous un tout nouveau jour \u2013 de nuit&nbsp;!<\/strong><\/p>\n\n\n\n<p><strong>Le 25 juin, pour la premi\u00e8re fois en Roumanie, \u00e0 Timisoara, la philosophie descend dans la rue&nbsp;!<\/strong><\/p>\n\n\n\n<p>Le temps d\u2019une nuit, le public de la ville, tous \u00e2ges confondus, est invit\u00e9 \u00e0 prendre part au d\u00e9bat public, dans la tradition des penseurs grecs de l\u2019Agora \u00e0 Timisoara, future capitale europ\u00e9enne de la culture en 2023.<\/p>\n\n\n\n<p>Apr\u00e8s Paris &#8211; o\u00f9 elle a \u00e9t\u00e9 cr\u00e9\u00e9e \u00e0 l\u2019\u00e9cole Normale Sup\u00e9rieure par Monique Canto-Sperber- Londres, New York, Ath\u00e8nes, Berlin et Tel Aviv, L\u2019institut fran\u00e7ais de Roumanie \u00e0 Timisoara organise dans la nuit du 25 juin, la premi\u00e8re \u00e9dition roumaine de la Nuit de la Philosophie et des Arts. Cet \u00e9v\u00e9nement exceptionnel r\u00e9unira plus de 30 philosophes et intellectuels, roumains fran\u00e7ais et allemands reconnus. A travers des th\u00e9matiques et des formats divers, ils interviendront, d\u00e9battront et poseront ensemble ces questions essentielles qui influences nos soci\u00e9t\u00e9s actuelles.<\/p>\n\n\n\n<p>Le public sera invit\u00e9 \u00e0 un parcours nocturne, philosophique et festif, \u00e0 partir de l\u2019Institut Fran\u00e7ais et dans trois autres lieux embl\u00e9matiques de la ville&nbsp;: Faber Community, la libraire La Doua Bufnite et la facult\u00e9 d\u2019Art de l\u2019Universit\u00e9 de l\u2019Ouest, tous accessibles \u00e0 pied, qui proposeront tout au long de la nuit, discussions philosophiques, performances et projections de films.<\/p>\n\n\n\n<p>Les deux commissaires fran\u00e7ais de cette premi\u00e8re Nuit de la philosophie \u00e0 Timisoara, Raphael Zagury-Orly, Joseph Cohen ont souhait\u00e9, par cet \u00e9v\u00e9nement, signer <strong>un v\u00e9ritable d\u00e9sir de penser <em>au pr\u00e9sent<\/em> et face aux crises et complexit\u00e9s de notre actualit\u00e9.<\/strong> Et ce non seulement pour le plaisir de philosopher \u2013 comme si cette discipline pouvait se contenter de ses acquis ou alors de se r\u00e9p\u00e9ter d\u2019anciennes formules de sa longue histoire \u2013 mais bel et bien afin de proposer des pistes in\u00e9dites de r\u00e9flexion et des trajectoires inattendues de pens\u00e9e pour notre \u00e9poque et notre avenir. Nous aborderons ainsi, en pr\u00e9sence de nombreux philosophes, scientifiques, artistes, th\u00e9oriciens, politologues, sociologues internationalement reconnus, des th\u00e8mes br\u00fblants qui ne n\u00e9cessitent rien de moins que de nouvelles approches, m\u00e9thodes et orientations tant th\u00e9oriques que pratiques. Nous approcherons la d\u00e9licate question de notre rapport \u00e0 notre environnement naturel et soci\u00e9tal, la difficile interrogation quant \u00e0 notre relation \u00e0 notre histoire commune et \u00e0 la justice due \u00e0 nos pass\u00e9s europ\u00e9ens et notre avenir dans le monde.<\/p>\n\n\n\n<p>Pour le commissaire roumain, Cornel-Florin Moraru, <strong>les conf\u00e9rences et les d\u00e9bats pr\u00e9vus, permettront de mettre en lumi\u00e8re aussi bien le r\u00f4le pratique de la philosophie dans la vie de chacun que la mani\u00e8re dont, par la philosophie, nous pouvons construire une soci\u00e9t\u00e9 plus \u00e9quilibr\u00e9e<\/strong> et pr\u00e9parer un avenir pour lequel, du point de vue biologique, nous ne sommes pas pr\u00e9par\u00e9s : un avenir dans lequel l\u2019intelligence artificielle se joint \u00e0 l&rsquo;intelligence naturelle et les nouvelles technologies changeront radicalement notre mani\u00e8re de vivre et de se rapporter \u00e0 la vie.<\/p>\n\n\n\n<p>Parmi les 30 invit\u00e9s choisis par les curateurs de l\u2019\u00e9v\u00e9nement &#8211; Raphael Zagury-Orly, Joseph Cohen et Cornel-Florin Moraru \u2013 on peut notamment &nbsp;&nbsp;&nbsp;citer : Monique Canto-Sperber, Jean-Luc Marion, Barbara Cassin, Alain Fleischer, Gis\u00e8le Sapiro,&nbsp; Edwige Chirouter, Nicolas de Warren, Manon Garcia, Emanuele Coccia, Jochen H\u00f6risch, Susan Neiman, Jochen H\u00f6risch, Susan Neiman, Ciprian Mihali, Cristian Iftode, Doru C\u0103st\u0103ian, Florin Lobon\u021b, Claudiu Mesaro\u0219, Oana Camelia \u0218erban, Ruxandra Demetrescu,<\/p>\n\n\n\n<p>A Timisoara, l\u2019Institut Fran\u00e7ais consacre une importante partie de son activit\u00e9 au jeune public. C\u2019est pourquoi nous avons d\u00e9clin\u00e9 la Nuit de la Philosophie avec une version pour les jeunes en proposant <a href=\"https:\/\/institutfrancais.ro\/timisoara\/ateliere-pentru-copii\/\">des ateliers de philosophie d\u00e9di\u00e9s particuli\u00e8rement aux enfants et aux adolescents<\/a>.<\/p>\n\n\n\n<p>Nous proposerons \u00e9galement des \u00e9v\u00e9nements in\u00e9dits&nbsp;: une conf\u00e9rence performative sur le DJ-ing avec l&rsquo;un des DJ les plus appr\u00e9ci\u00e9s de Roumanie, un spectacle de danse et des projections de films.<\/p>\n\n\n\n<p>Le programme complet est disponible <a href=\"https:\/\/institutfrancais.ro\/timisoara\/fr\/program-2\/\" data-type=\"URL\" data-id=\"https:\/\/institutfrancais.ro\/timisoara\/program\/\">ici<\/a>. <\/p>\n\n\n\n<p><strong>Les commissaires de la Nuit de la Philosophie \u00e0 Timisoara&nbsp;<\/strong>:<\/p>\n\n\n\n<p><strong>Raphael ZAGURY-ORLY<\/strong>, philosophe, a enseign\u00e9 dans de nombreuses universit\u00e9s et \u00e9coles d\u2019art en Europe et en Isra\u00ebl.<br>Il est actuellement Professeur invit\u00e9 de philosophie \u00e0 l\u2019Institut Catholique de Paris. De 2003 \u00e0 2014, il a \u00e9t\u00e9 professeur \u00e0 l\u2019Ecole des Beaux-Arts \u2013 Bezalel\u00a0 de J\u00e9rusalem, et de 2010 \u00e0 2014, y a dirig\u00e9 le programme de Master of Fine Arts. Il a tenu divers postes d\u2019enseignement universitaire en Europe.<br>En 2019, il est nomm\u00e9 Directeur de Programme au Coll\u00e8ge International de Philosophie (Paris) et Chercheur Associ\u00e9 au Centre de Recherche sur les Arts et le Langage (CRAL \u2013 CNRS\/EHESS).<br>Il est Chevalier \u00e0 l\u2019Ordre des Arts et des Lettres depuis 2017.<\/p>\n\n\n\n<p><strong>Joseph COHEN<\/strong> est philosophe fran\u00e7ais, professeur au University College Dublin (Irlande) depuis 2007.<br>Il a \u00e9t\u00e9 professeur invit\u00e9 de philosophie dans de nombreuses universit\u00e9s et centres de recherche europ\u00e9ens.<br>Ses recherches philosophiques s\u2019inscrivent dans le sillage de l\u2019id\u00e9alisme allemand, de la ph\u00e9nom\u00e9nologie contemporaine, de la d\u00e9construction et de la th\u00e9orie critique et sont concentr\u00e9es principalement sur les th\u00e9matiques du sacrifice, du pardon, du nihilisme et de la technique, de l\u2019ontologie, de la m\u00e9taphysique et de la th\u00e9ologie.<br>En 2021, il a publi\u00e9 , en collaboration avec Raphael Zagury-Orly, aux Editions Galil\u00e9e : L\u2019adversaire privil\u00e9gi\u00e9.\u00a0<\/p>\n\n\n\n<p><strong>Cornel-Florin MORARU<\/strong> est docteur en philosophie, lecteur \u00e0 l&rsquo;Universit\u00e9 Nationale d&rsquo;Art de Bucarest, o\u00f9 en tant que directeur du d\u00e9partement \u00ab\u00a0Th\u00e9orie, Recherche\u00a0\u00bb, il enseigne la philosophie de l&rsquo;art, l&rsquo;esth\u00e9tique, l&rsquo;histoire de la philosophie et l&rsquo;\u00e9thique acad\u00e9mique. Il est le r\u00e9alisateur de la seule \u00e9mission d\u00e9di\u00e9e \u00e0 la philosophie du paysage radiophonique roumain : \u201eIzvoare de filosofie\u201d, diffus\u00e9e par Radio Rom\u00e2nia Cultural.<\/p>\n\n\n\n<p><strong>Co-commissaire de la premi\u00e8re Nuit de la Philosophie \u00e0 Timisoara&nbsp;:<\/strong><\/p>\n\n\n\n<p><strong>Tilla Rudel<\/strong>, directrice de l\u2019Institut Fran\u00e7ais de Roumanie \u00e0 Timisoara, auteure <em>de Walter Benjamin, l\u2019ange assassin\u00e9,<\/em> Editions Menges 2007 et <em>J\u00e9rusalem, Histoire, Promenades, Anthologie, Dictionnaire<\/em>, Editions Robert Laffont\/Bouquins, 2018<\/p>\n\n\n\n<p><strong>Organisateur <\/strong>: Institut Fran\u00e7ais de Roumanie -Timisoara<\/p>\n\n\n\n<p><strong>Avec le soutien de<\/strong> : Akwel, Everience<\/p>\n\n\n\n<p><strong>Partenaires culturels<\/strong> : Timisoara 2032, Mairie de Timisoara, La Dou\u0103 Bufni\u021be, Facult\u00e9 d&rsquo;Art et Design, Faber Community, Centre Culturel Allemand de Timi\u0219oara<\/p>\n\n\n\n<p><strong>Partenaires m\u00e9dia<\/strong>: Rom\u00e2nia Cultural, RFI Rom\u00e2nia<\/p>\n","protected":false},"excerpt":{"rendered":"<p>Nous verrons la philosophie sous un tout nouveau jour \u2013 de nuit&nbsp;! Le 25 juin, pour la premi\u00e8re fois en Roumanie, \u00e0 Timisoara, la philosophie descend dans la rue&nbsp;! Le temps d\u2019une nuit, le public de la ville, tous \u00e2ges confondus, est invit\u00e9 \u00e0 prendre part au d\u00e9bat public, dans la tradition des penseurs grecs [&hellip;]<\/p>\n","protected":false},"author":9,"featured_media":1109,"comment_status":"open","ping_status":"open","sticky":false,"template":"","format":"standard","meta":{"footnotes":""},"categories":[],"tags":[],"class_list":["post-1105","post","type-post","status-publish","format-standard","has-post-thumbnail","hentry"],"_links":{"self":[{"href":"https:\/\/institutfrancais.ro\/timisoara\/fr\/wp-json\/wp\/v2\/posts\/1105","targetHints":{"allow":["GET"]}}],"collection":[{"href":"https:\/\/institutfrancais.ro\/timisoara\/fr\/wp-json\/wp\/v2\/posts"}],"about":[{"href":"https:\/\/institutfrancais.ro\/timisoara\/fr\/wp-json\/wp\/v2\/types\/post"}],"author":[{"embeddable":true,"href":"https:\/\/institutfrancais.ro\/timisoara\/fr\/wp-json\/wp\/v2\/users\/9"}],"replies":[{"embeddable":true,"href":"https:\/\/institutfrancais.ro\/timisoara\/fr\/wp-json\/wp\/v2\/comments?post=1105"}],"version-history":[{"count":2,"href":"https:\/\/institutfrancais.ro\/timisoara\/fr\/wp-json\/wp\/v2\/posts\/1105\/revisions"}],"predecessor-version":[{"id":1226,"href":"https:\/\/institutfrancais.ro\/timisoara\/fr\/wp-json\/wp\/v2\/posts\/1105\/revisions\/1226"}],"wp:featuredmedia":[{"embeddable":true,"href":"https:\/\/institutfrancais.ro\/timisoara\/fr\/wp-json\/wp\/v2\/media\/1109"}],"wp:attachment":[{"href":"https:\/\/institutfrancais.ro\/timisoara\/fr\/wp-json\/wp\/v2\/media?parent=1105"}],"wp:term":[{"taxonomy":"category","embeddable":true,"href":"https:\/\/institutfrancais.ro\/timisoara\/fr\/wp-json\/wp\/v2\/categories?post=1105"},{"taxonomy":"post_tag","embeddable":true,"href":"https:\/\/institutfrancais.ro\/timisoara\/fr\/wp-json\/wp\/v2\/tags?post=1105"}],"curies":[{"name":"wp","href":"https:\/\/api.w.org\/{rel}","templated":true}]}}