{"id":1738,"date":"2021-02-10T11:31:00","date_gmt":"2021-02-10T11:31:00","guid":{"rendered":"https:\/\/institutfrancais.ro\/timisoara\/?p=1738"},"modified":"2021-10-29T11:38:43","modified_gmt":"2021-10-29T11:38:43","slug":"pour-parler-deurope","status":"publish","type":"post","link":"https:\/\/institutfrancais.ro\/timisoara\/fr\/pour-parler-deurope\/","title":{"rendered":"Pour parler d&rsquo;Europe"},"content":{"rendered":"\n<p>Dans une p\u00e9riode toujours domin\u00e9e par les incertitudes et o\u00f9 les rencontres en face \u00e0 face se font encore attendre, l\u2019Institut fran\u00e7ais de Roumanie \u00e0 Timisoara vous propose une s\u00e9rie de conversations en ligne qui a pour but de r\u00e9fl\u00e9chir aux changements actuellement en cours dans nos soci\u00e9t\u00e9s avec celles et ceux qui ont fait, font et feront notre Europe. <\/p>\n\n\n\n<p>A partir du 10 f\u00e9vrier, rendez-vous sur les pages <a href=\"https:\/\/www.facebook.com\/InstitutulFrancezTimisoara\">Facebook<\/a> et <a href=\"https:\/\/www.youtube.com\/playlist?list=PL9YTgmvt6wOkYei_XkYyWWlrbf_5aE7Sd\">YouTube<\/a> de l\u2019Institut, tous les mercredis, \u00e0 18h, <em>pour parler d\u2019Europe<\/em>. La journaliste culturelle <strong>Mihaela Dedeoglu<\/strong> s\u2019entretient avec des artistes, \u00e9crivains, philosophes, sociologues et cr\u00e9ateurs en tout genre sur l\u2019\u00e9tat de nos soci\u00e9t\u00e9s et nos engagements pour la communaut\u00e9, l\u2019\u00e9tat de la culture, de l\u2019art et de la cr\u00e9ation dans l\u2019Europe au c\u0153ur de laquelle nous nous situons \u00e0 Timisoara qui sera capitale europ\u00e9enne de la culture en 2023. Les conversations d\u00e9passent les fronti\u00e8res tant par les sujets abord\u00e9s que par les langues de diffusion, qui seront le roumain et le fran\u00e7ais.<\/p>\n\n\n\n<p>Les conversations se poursuivront avec la philosophe <strong>Monique Canto-Sperber<\/strong>, la po\u00e9tesse <strong>Ana Blandiana<\/strong>, l\u2019historien <strong>Elie Barnavi<\/strong>, la professeur de litt\u00e9rature <strong>Adriana Babe\u021bi<\/strong>, l\u2019\u00e9crivaine <strong>Ioana P\u00e2rvulescu<\/strong> et bien d\u2019autres encore, pendant les semaines et mois \u00e0 venir.<\/p>\n\n\n\n<p>La s\u00e9rie \u00ab <em>Pour parler d\u2019Europe<\/em> \u00bb est produite par l\u2019Institut fran\u00e7ais de Roumanie \u00e0 Timisoara.<\/p>\n\n\n\n<p>Partenaires : Akwel, Everience, Elba<\/p>\n\n\n\n<figure class=\"wp-block-embed is-type-video is-provider-youtube wp-block-embed-youtube wp-embed-aspect-16-9 wp-has-aspect-ratio\"><div class=\"wp-block-embed__wrapper\">\n<iframe loading=\"lazy\" title=\"Pour parler d&#039;Europe \/ S\u0103 vorbim despre Europa\" width=\"500\" height=\"281\" src=\"https:\/\/www.youtube.com\/embed\/oprUEIBDcd0?list=PL9YTgmvt6wOkYei_XkYyWWlrbf_5aE7Sd\" frameborder=\"0\" allow=\"accelerometer; autoplay; clipboard-write; encrypted-media; gyroscope; picture-in-picture; web-share\" referrerpolicy=\"strict-origin-when-cross-origin\" allowfullscreen><\/iframe>\n<\/div><\/figure>\n","protected":false},"excerpt":{"rendered":"<p>S\u00e9rie de conversations en ligne<\/p>\n","protected":false},"author":16,"featured_media":756,"comment_status":"open","ping_status":"open","sticky":false,"template":"","format":"standard","meta":{"footnotes":""},"categories":[142,51],"tags":[300,301,303],"class_list":["post-1738","post","type-post","status-publish","format-standard","has-post-thumbnail","hentry","category-culture","category-evenement-en-ligne","tag-conversation","tag-dialogue","tag-societe"],"_links":{"self":[{"href":"https:\/\/institutfrancais.ro\/timisoara\/fr\/wp-json\/wp\/v2\/posts\/1738","targetHints":{"allow":["GET"]}}],"collection":[{"href":"https:\/\/institutfrancais.ro\/timisoara\/fr\/wp-json\/wp\/v2\/posts"}],"about":[{"href":"https:\/\/institutfrancais.ro\/timisoara\/fr\/wp-json\/wp\/v2\/types\/post"}],"author":[{"embeddable":true,"href":"https:\/\/institutfrancais.ro\/timisoara\/fr\/wp-json\/wp\/v2\/users\/16"}],"replies":[{"embeddable":true,"href":"https:\/\/institutfrancais.ro\/timisoara\/fr\/wp-json\/wp\/v2\/comments?post=1738"}],"version-history":[{"count":1,"href":"https:\/\/institutfrancais.ro\/timisoara\/fr\/wp-json\/wp\/v2\/posts\/1738\/revisions"}],"predecessor-version":[{"id":1739,"href":"https:\/\/institutfrancais.ro\/timisoara\/fr\/wp-json\/wp\/v2\/posts\/1738\/revisions\/1739"}],"wp:featuredmedia":[{"embeddable":true,"href":"https:\/\/institutfrancais.ro\/timisoara\/fr\/wp-json\/wp\/v2\/media\/756"}],"wp:attachment":[{"href":"https:\/\/institutfrancais.ro\/timisoara\/fr\/wp-json\/wp\/v2\/media?parent=1738"}],"wp:term":[{"taxonomy":"category","embeddable":true,"href":"https:\/\/institutfrancais.ro\/timisoara\/fr\/wp-json\/wp\/v2\/categories?post=1738"},{"taxonomy":"post_tag","embeddable":true,"href":"https:\/\/institutfrancais.ro\/timisoara\/fr\/wp-json\/wp\/v2\/tags?post=1738"}],"curies":[{"name":"wp","href":"https:\/\/api.w.org\/{rel}","templated":true}]}}