{"id":2415,"date":"2022-05-13T12:51:41","date_gmt":"2022-05-13T12:51:41","guid":{"rendered":"https:\/\/institutfrancais.ro\/timisoara\/?p=2415"},"modified":"2022-05-16T13:47:00","modified_gmt":"2022-05-16T13:47:00","slug":"la-nuit-de-la-philosophie-revient-a-timisoara","status":"publish","type":"post","link":"https:\/\/institutfrancais.ro\/timisoara\/fr\/la-nuit-de-la-philosophie-revient-a-timisoara\/","title":{"rendered":"La Nuit de la Philosophie revient \u00e0 Timisoara"},"content":{"rendered":"\n<p>Le 20 mai 2022, Timi\u0219oara accueillera la deuxi\u00e8me \u00e9dition de la Nuit de la Philosophie, un \u00e9v\u00e9nement initi\u00e9 par l&rsquo;Institut fran\u00e7ais de Roumanie \u00e0 Timi\u0219oara. Cette seconde Nuit de la Philosophie se d\u00e9roulera dans 3 lieux culturels symboliques et majeurs dans la vie culturelle de la cit\u00e9 : l&rsquo;Institut fran\u00e7ais de Timisoara, la librairie La Dou\u0103 Bufni\u021be et la Casa Artelor. L&rsquo;accueil chaleureux et l\u2019int\u00e9r\u00eat du public pour la premi\u00e8re \u00e9dition en 2021 nous a confort\u00e9 dans l\u2019id\u00e9e qu&rsquo;elle allait dor\u00e9navant s\u2019inscrire dans l\u2019agenda culturel et intellectuel de la ville et devenir une tradition au sein de la sc\u00e8ne intellectuelle roumaine.<\/p>\n\n\n\n<p>L&rsquo;\u00e9dition 2022, europ\u00e9enne par ses th\u00e8mes et par ses invit\u00e9s, se d\u00e9roulera pendant la Pr\u00e9sidence fran\u00e7aise du Conseil de l&rsquo;UE et aura pour th\u00e8me g\u00e9n\u00e9ral \u00ab(Re)construire ensemble\u00bb.<\/p>\n\n\n\n<p>L&rsquo;\u00e9v\u00e9nement est con\u00e7u comme un parcours nocturne, philosophique et festif, dont le but est de \u00ab\u00a0montrer la philosophie sous un autre jour &#8211; la nuit\u00a0\u00bb. Ainsi, avec la participation extraordinaire de quelques philosophes et intellectuels de Roumanie, France, Allemagne et Serbie, nous organiserons des d\u00e9bats, des conf\u00e9rences, des projections, des spectacles et des performances \u00e0 travers lesquels nous aborderons des sujets d\u2019actualit\u00e9 et d&rsquo;int\u00e9r\u00eat pour la soci\u00e9t\u00e9 d&rsquo;aujourd&rsquo;hui.<\/p>\n\n\n\n<p>Avec nos invit\u00e9s, de nombreux philosophes, scientifiques, artistes, th\u00e9oriciens, politologues ou sociologues de renomm\u00e9e internationale, nous aborderons des sujets br\u00fblants qui ne demandent qu&rsquo;\u00e0 \u00eatre vus \u00ab avec un autre regard, avec d&rsquo;autres m\u00e9thodes th\u00e9oriques et pratiques \u00bb, pr\u00e9cise Rapha\u00ebl Zagury- Orly.<\/p>\n\n\n\n<p>\u00ab A travers les conf\u00e9rences et les d\u00e9bats qui auront lieu, nous nous sommes attach\u00e9s \u00e0 mettre en lumi\u00e8re \u00e0 la fois le r\u00f4le pratique de la philosophie dans la vie de chacun d&rsquo;entre nous et comment nous pouvons construire une soci\u00e9t\u00e9 plus \u00e9quilibr\u00e9e et pr\u00e9parer un avenir auquel, biologiquement, nous ne sommes pas pr\u00e9par\u00e9s : un avenir dans lequel l&rsquo;intelligence artificielle se m\u00eale \u00e0 l&rsquo;intelligence naturelle et les nouvelles technologies changeront radicalement notre fa\u00e7on de vivre et notre rapport \u00e0 la vie. \u00bb compl\u00e8te Cornel-Florin Moraru.<\/p>\n\n\n\n<p>Les sujets abord\u00e9s sont divers, allant de l&rsquo;art \u00e0 l&rsquo;\u00e9cologie, de l&rsquo;\u00e9thique \u00e0 la politique et \u00e0 l&rsquo;histoire, touchant aux probl\u00e8mes aigus de la soci\u00e9t\u00e9 d&rsquo;aujourd&rsquo;hui, tels que : le dialogue entre science et philosophie ; l&rsquo;\u00e9thique et l&rsquo;esth\u00e9tique de l&rsquo;intelligence artificielle ; les dilemmes de la guerre ; fausses fausses nouvelles ; le r\u00f4le de l&rsquo;art en des temps troubl\u00e9s ; la peur de la mort et la peur de ne pas vivre en vain ; comment la nature nous parle ; philosophie dans des contextes non conventionnels, et bien plus encore.<\/p>\n\n\n\n<p>Parce que philosopher est une comp\u00e9tence inn\u00e9e des plus petits, pendant l&rsquo;\u00e9v\u00e9nement seront organis\u00e9s des ateliers de philosophie sp\u00e9cialement d\u00e9di\u00e9s aux enfants et aux adolescents.<\/p>\n\n\n\n<p>Parmi les \u00e9v\u00e9nements qui accompagnent cette seconde Nuit de la Philosophie, nous avons donn\u00e9 une carte blanche \u00e0 l\u2019artiste Nathalie Rodach qui a con\u00e7u une installation multim\u00e9dia dans le parc de l\u2019Institut fran\u00e7ais, intitul\u00e9e \u00ab N&rsquo;oublie pas l&rsquo;hiver \u00bb. Celle-ci est compos\u00e9e de sculptures au sol et de projections vid\u00e9o sur la fa\u00e7ade du b\u00e2timent historique de l\u2019Institut. Nathalie Rodach fera plusieurs visites guid\u00e9es pendant la Nuit de la Philosophie et elle recueillera les r\u00eaves de ceux qui voudront bien les lui raconter \u2026<\/p>\n\n\n\n<p>Une s\u00e9rie d&rsquo;\u00e9v\u00e9nements sp\u00e9ciaux compl\u00e8tent le programme de la Philosophy Night \u00e0 Timi\u0219oara : projections de films et un DJ set avec le philosophe Cornel Moraru \u00e0 partir de 23H45 sur la terrasse de l\u2019Institut.<\/p>\n\n\n\n<p><strong>Organisateur<\/strong> : Institut Fran\u00e7ais de Roumanie \u00e0 Timisoara, Tilla Rudel, directrice.<\/p>\n\n\n\n<p><strong>Avec le soutien de<\/strong> : Akwel, Everience<\/p>\n\n\n\n<p><strong>Partenaires culturels<\/strong> : Timisoara 2023, La Dou\u0103 Bufni\u021be, UVT, Facult\u00e9 des arts et du design, Facult\u00e9 des sciences politiques, de la philosophie et des sciences de la communication, Art Encounters Foundation, Centre culturel allemand de Timi\u0219oara, Casa Artelor<\/p>\n\n\n\n<p><strong>Partenaires m\u00e9dias<\/strong> : RFI Roumanie, Radio Roumanie<\/p>\n\n\n\n<p><strong>Partenaire technique<\/strong> : FITT<\/p>\n","protected":false},"excerpt":{"rendered":"<p>Le 20 mai 2022, Timi\u0219oara accueillera la deuxi\u00e8me \u00e9dition de la Nuit de la Philosophie, un \u00e9v\u00e9nement initi\u00e9 par l&rsquo;Institut fran\u00e7ais de Roumanie \u00e0 Timi\u0219oara. Cette seconde Nuit de la Philosophie se d\u00e9roulera dans 3 lieux culturels symboliques et majeurs dans la vie culturelle de la cit\u00e9 : l&rsquo;Institut fran\u00e7ais de Timisoara, la librairie La [&hellip;]<\/p>\n","protected":false},"author":16,"featured_media":2419,"comment_status":"open","ping_status":"open","sticky":false,"template":"","format":"standard","meta":{"footnotes":""},"categories":[189],"tags":[],"class_list":["post-2415","post","type-post","status-publish","format-standard","has-post-thumbnail","hentry","category-nuit-de-la-philosophie"],"_links":{"self":[{"href":"https:\/\/institutfrancais.ro\/timisoara\/fr\/wp-json\/wp\/v2\/posts\/2415","targetHints":{"allow":["GET"]}}],"collection":[{"href":"https:\/\/institutfrancais.ro\/timisoara\/fr\/wp-json\/wp\/v2\/posts"}],"about":[{"href":"https:\/\/institutfrancais.ro\/timisoara\/fr\/wp-json\/wp\/v2\/types\/post"}],"author":[{"embeddable":true,"href":"https:\/\/institutfrancais.ro\/timisoara\/fr\/wp-json\/wp\/v2\/users\/16"}],"replies":[{"embeddable":true,"href":"https:\/\/institutfrancais.ro\/timisoara\/fr\/wp-json\/wp\/v2\/comments?post=2415"}],"version-history":[{"count":3,"href":"https:\/\/institutfrancais.ro\/timisoara\/fr\/wp-json\/wp\/v2\/posts\/2415\/revisions"}],"predecessor-version":[{"id":2437,"href":"https:\/\/institutfrancais.ro\/timisoara\/fr\/wp-json\/wp\/v2\/posts\/2415\/revisions\/2437"}],"wp:featuredmedia":[{"embeddable":true,"href":"https:\/\/institutfrancais.ro\/timisoara\/fr\/wp-json\/wp\/v2\/media\/2419"}],"wp:attachment":[{"href":"https:\/\/institutfrancais.ro\/timisoara\/fr\/wp-json\/wp\/v2\/media?parent=2415"}],"wp:term":[{"taxonomy":"category","embeddable":true,"href":"https:\/\/institutfrancais.ro\/timisoara\/fr\/wp-json\/wp\/v2\/categories?post=2415"},{"taxonomy":"post_tag","embeddable":true,"href":"https:\/\/institutfrancais.ro\/timisoara\/fr\/wp-json\/wp\/v2\/tags?post=2415"}],"curies":[{"name":"wp","href":"https:\/\/api.w.org\/{rel}","templated":true}]}}