{"id":2805,"date":"2022-06-02T15:00:21","date_gmt":"2022-06-02T15:00:21","guid":{"rendered":"https:\/\/institutfrancais.ro\/timisoara\/festivalul-filmului-francez-2022\/"},"modified":"2024-06-19T14:05:24","modified_gmt":"2024-06-19T14:05:24","slug":"festivalul-filmului-francez-2022","status":"publish","type":"post","link":"https:\/\/institutfrancais.ro\/timisoara\/fr\/festivalul-filmului-francez-2022\/","title":{"rendered":"Le Festival du Film Fran\u00e7ais 2022"},"content":{"rendered":"\n<p id=\"tw-target-text\"><strong>Le Festival du film fran\u00e7ais en Roumanie<\/strong> est arriv\u00e9 cette ann\u00e9e \u00e0 la 26e \u00e9dition. <strong>Entre le 2 et le 5 juin<\/strong>, \u00e0 <strong>Timi\u0219oara<\/strong>, les cin\u00e9philes sont invit\u00e9s au rendez-vous annuel avec les films fran\u00e7ais les plus r\u00e9cents et les plus remarquables. Les projections auront lieu au Cin\u00e9ma Victoria et dans le jardin de l&rsquo;Institut fran\u00e7ais. <\/p>\n\n\n\n<p>\u201e<strong>Nos yeux grand ouverts<\/strong>\u201d, le th\u00e8me de cette ann\u00e9e, nous invite \u00e0 revenir \u00e0 l&rsquo;essence  de l&rsquo;art du cin\u00e9ma : le regard. Il nous offre \u00e9galement un autre vision du monde du point de vue des metteurs en sc\u00e8ne s\u00e9lectionn\u00e9s. Enfin et surtout, cela nous encourage \u00e0 regarder avec plus d&#8217;empathie le destin de chaque peuple, en particulier dans le contexte actuel, et \u00e0 nous rappeler que nous faisons partie d&rsquo;une famille europ\u00e9enne unie. <\/p>\n\n\n\n<p id=\"tw-target-text\">Ainsi, la <strong>Comp\u00e9tition Jeunes Talents &#8211; Long m\u00e9trage<\/strong> met en lumi\u00e8re, comme chaque ann\u00e9e, les nouvelles voix du cin\u00e9ma fran\u00e7ais, \u00e0 travers cinq premiers longs m\u00e9trages remarquables qui concourront pour le Prix du public : une bourse de 1000 euros offerte par l&rsquo;Institut fran\u00e7ais au metteur en sc\u00e8ne laur\u00e9at, ainsi qu&rsquo;un soutien financier apport\u00e9 par TV5 Monde au distributeur roumain qui choisira de porter le film sur les \u00e9crans des cin\u00e9mas locaux.<\/p>\n\n\n\n<p id=\"tw-target-text\"><strong>Panorama des films de l&rsquo;ann\u00e9e<\/strong> est la section classique qui rassemble les succ\u00e8s r\u00e9cents du cin\u00e9ma fran\u00e7ais, r\u00e9compens\u00e9s dans des festivals ou des pl\u00e9biscites publics. <strong>L&rsquo;\u00e9v\u00e9nement <\/strong>\/<strong> Evenimentul<\/strong> d&rsquo;Audrey Diwan, laur\u00e9ate du Lion d&rsquo;or \u00e0 la Mostra de Venise, distribu\u00e9 par Independence Film, sera \u00e9galement pr\u00e9sent\u00e9 pour la premi\u00e8re fois dans le Panorama des films de l&rsquo;ann\u00e9e.<\/p>\n\n\n\n<p id=\"tw-target-text\">Dans le cadre de la Pr\u00e9sidence fran\u00e7aise du Conseil de l&rsquo;Union europ\u00e9enne, l&rsquo;\u00e9dition de cette ann\u00e9e apporte un \u00e9l\u00e9ment important de cin\u00e9ma europ\u00e9en. La section <strong>Regard vers l&rsquo;Europe<\/strong> c\u00e9l\u00e8brera la coop\u00e9ration cin\u00e9matographique en Europe et le r\u00f4le cl\u00e9 de la France dans ce contexte, en proposant une coproduction franco-europ\u00e9enne significative pour chaque d\u00e9cennie depuis les ann\u00e9es 1960.<\/p>\n\n\n\n<p id=\"tw-target-text\"><strong>L&rsquo;acc\u00e8s est gratuit, dans la limite des places disponibles. <br>L&rsquo;organisateur se r\u00e9serve le droit de r\u00e9server des places aux partenaires du festival.<\/strong><\/p>\n\n\n\n<p><\/p>\n\n\n\n<p><strong>PROGRAMME<\/strong><\/p>\n\n\n\n<p class=\"has-luminous-vivid-amber-color has-text-color\">JEUDI 2, JUIN<\/p>\n\n\n\n<p>19H00, Cin\u00e9ma Victoria (<a href=\"https:\/\/festivalff.ro\/locatie\/cinema-victoria-str-ciprian-porumbescu-2\/\">Str. Ciprian Porumbescu 2<\/a>) <br>COMPETITION<br><strong><em><a href=\"https:\/\/festivalff.ro\/filme\/entre-les-vagues-in-bataia-valurilor-3\/\">ENTRE LES VAGUES<\/a> <\/em><\/strong>d&rsquo;Ana\u00efs Volp\u00e9 (1h40)<br>Avec: Souheila Yakoub, D\u00e9borah Lukumuena<br>Com\u00e9die \u2013 France \u2013 2021 \u2013 1h40<br><strong>Trailer<\/strong>: <a href=\"https:\/\/www.youtube.com\/watch?v=oCsAkrHJN1U\">https:\/\/www.youtube.com\/watch?v=oCsAkrHJN1U<\/a> \u00a0\u00a0\u00a0\u00a0<\/p>\n\n\n\n<p>21H30, Jardin de l&rsquo;IFT (Bd. C.D.Loga, 46)<br>PANORAMA<br><strong><em><a href=\"https:\/\/festivalff.ro\/filme\/les-passagers-de-la-nuit-pasagerii-noptii-timisoara\/\">LES PASSAGERS DE LA NUIT<\/a><\/em><\/strong> de Mikha\u00ebl Hers<br>Avec: Charlotte Gainsbourg, Quito Rayon Richter, No\u00e9e Abita<br>Drame \u2013 France \u2013 2022 \u2013 1h51<br><strong>Trailer: <\/strong><a href=\"https:\/\/www.youtube.com\/watch?v=Wa8QSTuTug8\">https:\/\/www.youtube.com\/watch?v=Wa8QSTuTug8<\/a><\/p>\n\n\n\n<p><\/p>\n\n\n\n<p class=\"has-luminous-vivid-amber-color has-text-color\">VENDREDI, 3 JUIN<\/p>\n\n\n\n<p>19H00, Cin\u00e9ma Victoria (<a href=\"https:\/\/festivalff.ro\/locatie\/cinema-victoria-str-ciprian-porumbescu-2\/\">Str. Ciprian Porumbescu 2<\/a>) <br>PANORAMA<br><strong><em><a href=\"https:\/\/festivalff.ro\/filme\/levenement-evenimentul-timisoara\/\">L\u2019\u00c9V\u00c9NEMENT<\/a><\/em><\/strong><em> <\/em>d&rsquo;Audrey Diwan<br>Avec: Anamaria Vartolomei, Kacey Mottet Klein, Lu\u00e0na Bajrami, Louise Orry-Diquero<br>Drame \u2013 France \u2013 2021 \u2013\u00a01h40<br><strong>Trailer: <\/strong><a href=\"https:\/\/www.youtube.com\/watch?v=HAQVYYqj3Ro\">https:\/\/www.youtube.com\/watch?v=HAQVYYqj3Ro<\/a><\/p>\n\n\n\n<p>21H30, Jardin de l&rsquo;IFT (Bd. C.D.Loga, 46)<br>PANORAMA <br><strong><em><a href=\"https:\/\/festivalff.ro\/filme\/albatros-timisoara\/\">ALBATROS<\/a><\/em><\/strong> de Xavier Beauvois<br>Avec: J\u00e9r\u00e9mie R\u00e9nier, Marie-Julie Maille, Victor Belmondo<br>Drame \u2013 France \u2013 2020 \u2013 1h55<br><strong>Trailer: <\/strong><a href=\"https:\/\/www.youtube.com\/watch?v=DhS4X5eXsaQ\">https:\/\/www.youtube.com\/watch?v=DhS4X5eXsaQ<\/a><\/p>\n\n\n\n<p><\/p>\n\n\n\n<p class=\"has-luminous-vivid-amber-color has-text-color\">SAMEDI, 4 JUIN<\/p>\n\n\n\n<p class=\"has-black-color has-text-color\">16H00, Cin\u00e9ma Victoria (<a href=\"https:\/\/festivalff.ro\/locatie\/cinema-victoria-str-ciprian-porumbescu-2\/\">Str. Ciprian Porumbescu 2<\/a>) <br>COMPETITION<br><strong><em><a href=\"https:\/\/festivalff.ro\/filme\/i-comete-cometele-timisoara\/\">I COMETE<\/a><\/em><\/strong><em> <\/em>de Pascal Tagnati<br>Avec: Jean-Christophe Folly, Pascal Tagnati, C\u00e9dric Apietto, Apollonia Bronchain Orsoni<br>Exp\u00e9rimental \u2013 France \u2013 2021 \u2013\u00a02h07 <strong>+18<\/strong><br><strong>Trailer<\/strong>: <a href=\"https:\/\/www.youtube.com\/watch?v=jVCULlDzJYk\">https:\/\/www.youtube.com\/watch?v=jVCULlDzJYk<\/a> \u00a0\u00a0\u00a0<\/p>\n\n\n\n<p>19H00, Cin\u00e9ma Victoria (<a href=\"https:\/\/festivalff.ro\/locatie\/cinema-victoria-str-ciprian-porumbescu-2\/\">Str. Ciprian Porumbescu 2<\/a>) <br>PANORAMA<br><em><strong><a href=\"https:\/\/festivalff.ro\/filme\/enquete-sur-un-scandale-detat-ancheta-unui-scandal-de-stat-2\/\">ENQU\u00caTE SUR UN SCANDALE D\u2019\u00c9TAT<\/a><\/strong> <\/em>de Thierry de Peretti<br>Avec: Roschdy Zem, Pio Marma\u00ef, Vincent Lindon<br>Thriller, drame \u2013 France \u2013 2021 \u2013\u00a02h03<br><strong>Trailer<\/strong>: <a href=\"https:\/\/www.youtube.com\/watch?v=ZXkAd-NJRwM\">https:\/\/www.youtube.com\/watch?v=ZXkAd-NJRwM<\/a><\/p>\n\n\n\n<p>21H30, Jardin de l&rsquo;IFT (Bd. C.D.Loga, 46)<br>COMPETITION<br><strong><em><a href=\"https:\/\/festivalff.ro\/filme\/bruno-reidal-timisoara\/\">BRUNO REIDAL<\/a> <\/em><\/strong>de Vincent Le Port<br>Avec: Dimitri Dor\u00e9, Jean-Luc Vincent, Roman Villedieu<br>Drame, biopic, thriller<strong> <\/strong>\u2013 France \u2013 2021 \u2013\u00a01h41 <strong>+18<\/strong><br><strong>Trailer<\/strong>: <a href=\"https:\/\/www.youtube.com\/watch?v=zkgaw-rOW1Y\">https:\/\/www.youtube.com\/watch?v=zkgaw-rOW1Y<\/a> \u00a0\u00a0<\/p>\n\n\n\n<p><\/p>\n\n\n\n<p class=\"has-luminous-vivid-amber-color has-text-color\">DIMANCHE, 5 JUIN<\/p>\n\n\n\n<p>16H00, Cin\u00e9ma Victoria (<a href=\"https:\/\/festivalff.ro\/locatie\/cinema-victoria-str-ciprian-porumbescu-2\/\">Str. Ciprian Porumbescu 2<\/a>) <br>REGARD VERS L&rsquo;EUROPE<br><strong><em><a href=\"https:\/\/festivalff.ro\/filme\/olga-timisoara\/\">OLGA<\/a><\/em><\/strong> d&rsquo;Elie Grappe<br>Avec: Anastasia Budiashkina, Sabrina Rubtsova, Caterina Barloggio<br>Drame \u2013 France, Suisse \u2013 2020 \u2013\u00a01h27 &#8211; VO: FR, RU, UKR\u00a0 SUB: RO<br><strong>Trailer<\/strong>: <a href=\"https:\/\/www.youtube.com\/watch?v=EaVAoiRlTyA\">https:\/\/www.youtube.com\/watch?v=EaVAoiRlTyA<\/a><\/p>\n\n\n\n<p>19H00, Cin\u00e9ma Victoria (<a href=\"https:\/\/festivalff.ro\/locatie\/cinema-victoria-str-ciprian-porumbescu-2\/\">Str. Ciprian Porumbescu 2<\/a>) <br>COMPETITION<br><strong><em><a href=\"https:\/\/festivalff.ro\/filme\/ibrahim-timisoara\/\">IBRAHIM<\/a><\/em><\/strong> de Samir Guesmi<br>Avec: Abdel Bendaher, Samir Guesmi, Rabah Nait Oufella, Luana Bajrami, Philippe Rebbot<br>Drame sociale \u2013 France \u2013 2020 \u2013\u00a01h18<br><strong>Trailer<\/strong>: <a href=\"https:\/\/www.youtube.com\/watch?v=BvORyBfFyeY\">https:\/\/www.youtube.com\/watch?v=BvORyBfFyeY<\/a><\/p>\n\n\n\n<p>21H30<br>COMPETITION<br><em><strong><a href=\"https:\/\/festivalff.ro\/filme\/les-amours-danais-iubirile-lui-anais-timisoara\/\">LES AMOURS D\u2019ANA\u00cfS<\/a><\/strong> <\/em>de Charline Bourgeois-Tacquet<br>Avec: Ana\u00efs Demoustier, Denis Podalyd\u00e8s, Valeria Bruni-Tedeschi<br>Com\u00e9die \u2013 France \u2013 2021 \u2013\u00a01h38<br><strong>Trailer<\/strong>: <a href=\"https:\/\/www.youtube.com\/watch?v=cQOJhCSzh-8\">https:\/\/www.youtube.com\/watch?v=cQOJhCSzh-8<\/a><\/p>\n\n\n\n<p class=\"has-black-color has-text-color\"><br><\/p>\n","protected":false},"excerpt":{"rendered":"<p>Le Festival du film fran\u00e7ais en Roumanie est arriv\u00e9 cette ann\u00e9e \u00e0 la 26e \u00e9dition. Entre le 2 et le 5 juin, \u00e0 Timi\u0219oara, les cin\u00e9philes sont invit\u00e9s au rendez-vous annuel avec les films fran\u00e7ais les plus r\u00e9cents et les plus remarquables. Les projections auront lieu au Cin\u00e9ma Victoria et dans le jardin de l&rsquo;Institut [&hellip;]<\/p>\n","protected":false},"author":16,"featured_media":2523,"comment_status":"closed","ping_status":"closed","sticky":false,"template":"","format":"standard","meta":{"footnotes":""},"categories":[175,421],"tags":[],"class_list":["post-2805","post","type-post","status-publish","format-standard","has-post-thumbnail","hentry","category-cinema","category-festivals-du-film-francais"],"_links":{"self":[{"href":"https:\/\/institutfrancais.ro\/timisoara\/fr\/wp-json\/wp\/v2\/posts\/2805","targetHints":{"allow":["GET"]}}],"collection":[{"href":"https:\/\/institutfrancais.ro\/timisoara\/fr\/wp-json\/wp\/v2\/posts"}],"about":[{"href":"https:\/\/institutfrancais.ro\/timisoara\/fr\/wp-json\/wp\/v2\/types\/post"}],"author":[{"embeddable":true,"href":"https:\/\/institutfrancais.ro\/timisoara\/fr\/wp-json\/wp\/v2\/users\/16"}],"replies":[{"embeddable":true,"href":"https:\/\/institutfrancais.ro\/timisoara\/fr\/wp-json\/wp\/v2\/comments?post=2805"}],"version-history":[{"count":2,"href":"https:\/\/institutfrancais.ro\/timisoara\/fr\/wp-json\/wp\/v2\/posts\/2805\/revisions"}],"predecessor-version":[{"id":2809,"href":"https:\/\/institutfrancais.ro\/timisoara\/fr\/wp-json\/wp\/v2\/posts\/2805\/revisions\/2809"}],"wp:featuredmedia":[{"embeddable":true,"href":"https:\/\/institutfrancais.ro\/timisoara\/fr\/wp-json\/wp\/v2\/media\/2523"}],"wp:attachment":[{"href":"https:\/\/institutfrancais.ro\/timisoara\/fr\/wp-json\/wp\/v2\/media?parent=2805"}],"wp:term":[{"taxonomy":"category","embeddable":true,"href":"https:\/\/institutfrancais.ro\/timisoara\/fr\/wp-json\/wp\/v2\/categories?post=2805"},{"taxonomy":"post_tag","embeddable":true,"href":"https:\/\/institutfrancais.ro\/timisoara\/fr\/wp-json\/wp\/v2\/tags?post=2805"}],"curies":[{"name":"wp","href":"https:\/\/api.w.org\/{rel}","templated":true}]}}