{"id":4220,"date":"2023-05-09T14:59:49","date_gmt":"2023-05-09T14:59:49","guid":{"rendered":"https:\/\/institutfrancais.ro\/timisoara\/noaptea-filosofiei-2023\/"},"modified":"2023-05-25T08:47:44","modified_gmt":"2023-05-25T08:47:44","slug":"noaptea-filosofiei-2023","status":"publish","type":"post","link":"https:\/\/institutfrancais.ro\/timisoara\/fr\/noaptea-filosofiei-2023\/","title":{"rendered":"Nuit de la Philosophie 2023"},"content":{"rendered":"\n<h3 class=\"wp-block-heading\">Le jeudi 25 mai \u00e0 Bucarest et le vendredi 26 mai \u00e0 Timi\u0219oara, nous verrons la philosophie sous un tout autre jour : La nuit !<\/h3>\n\n\n\n<p>En cette ann\u00e9e 2023 o\u00f9 Timisoara est Capitale Europ\u00e9enne de la Culture, nous sommes tr\u00e8s heureux de renouveler pour la troisi\u00e8me fois l\u2019exp\u00e9rience de La Nuit de la philosophie \u00e0 Timisoara le <strong>26 mai<\/strong>, et d&rsquo;inaugurer une premi\u00e8re \u00e9dition \u00e0 Bucarest la veille, le <strong>25 mai<\/strong>.<\/p>\n\n\n\n<p>\u00a0\u00bb Les multiples rencontres et r\u00e9flexions auxquelles la nuit de la philosophie donne lieu permettront au public roumain d&rsquo;assister \u00e0 des discussions intellectuelles et philosophiques approfondies qui aiguiseront sa sensibilit\u00e9 philosophique, sociale, politique et esth\u00e9tique.<\/p>\n\n\n\n<p>La Nuit de la Philosophie, fond\u00e9e par l&rsquo;Institut fran\u00e7ais de Timisoara en 2021, est devenue l&rsquo;un des \u00e9v\u00e9nements culturels et intellectuels les plus importants de la ville. Chaque ann\u00e9e, les Nuits offrent une plateforme unique de dialogues autour de questions contemporaines abord\u00e9es depuis des angles philosophiques, culturels, artistiques, politiques et scientifiques.<\/p>\n\n\n\n<p>La Nuit de la Philosophie favorise le dialogue et la rencontre entre philosophes et intellectuels fran\u00e7ais et roumains, et donne l&rsquo;occasion au public roumain d&rsquo;entendre des voix rares et originales.<\/p>\n\n\n\n<p>Cette ann\u00e9e nous avons cherch\u00e9 \u00e0 centrer les dialogues et les discussions autour de l&rsquo;\u00e9tat de la d\u00e9mocratie dans le monde, des questions \u00e9cologiques, et de la question du genre\u00a0\u00bb dit <strong>Raphael Zagury-Orly, commissaire de<\/strong> <strong>l&rsquo;\u00e9v\u00e9nement. <\/strong><\/p>\n\n\n\n<p>Nous donnerons la parole \u00e0 un ensemble de penseurs travaillant entre autres sur des questions historiques et politiques li\u00e9es \u00e0 l\u2019\u00e9tat actuel de nos d\u00e9mocraties. <strong>Barbara Stiegler<\/strong> et <strong>Christophe P\u00e9barthe <\/strong>discuteront de l\u2019histoire de la d\u00e9mocratie depuis l\u2019Antiquit\u00e9 grecque, de sa situation actuelle et de la n\u00e9cessit\u00e9 de la r\u00e9inventer aujourd\u2019hui. <strong>Aur\u00e9lien Bellanger<\/strong>, philosophe de formation et \u00e9crivain fran\u00e7ais reconnu, auteur d\u2019ouvrages traitant de la conception et de la place de la ville tels <em>L\u2019am\u00e9nagement du territoire<\/em> (2014) ou <em>Le Grand Paris<\/em> (2017), parlera de son dernier opus <em>Le Vingti\u00e8me si\u00e8cle<\/em> \u00e0 partir de la figure de Walter Benjamin, th\u00e9oricien de la litt\u00e9rature, de la culture et des arts, figure tut\u00e9laire de l\u2019Europe au XXe si\u00e8cle.<\/p>\n\n\n\n<p>Un deuxi\u00e8me axe se dessine autour de la question \u00e9cologique et de la question des animaux en philosophie. <strong>Fabienne Brug\u00e8re<\/strong>, philosophe f\u00e9ministe importante, s\u2019entretiendra avec <strong>\u00c9lise Domenach<\/strong> &#8211; ancienne \u00e9tudiante de Stanley Cavell, philosophe du cin\u00e9ma &#8211; \u00e0 propos des enjeux de l\u2019\u00e9co-f\u00e9minisme. \u00c9lise Domenach fera aussi une conf\u00e9rence sur l\u2019\u00e9thique du cin\u00e9ma \u00e0 travers les \u0153uvres des fr\u00e8res Dardenne. <strong>Anne Simon<\/strong>, qui a travaill\u00e9 sur l\u2019expression du vivant via une approche zoopo\u00e9tique et sur les relations entre la pens\u00e9e, le sensible et la cr\u00e9ation litt\u00e9raire, interviendra sur la zoopo\u00e9tique \u00e0 travers l\u2019\u0153uvre de Proust, entre philosophie et litt\u00e9rature. <strong>Raphael Zagury-Orly<\/strong> interviendra sur la question de la catastrophe nucl\u00e9aire \u00e0 partir des textes du philosophe Gunter Anders sur Hiroshima et Nagasaki.<\/p>\n\n\n\n<p>De nombreux philosophes et intellectuels roumains discuterons et d\u00e9battrons de sujets aussi vari\u00e9s que l\u2019Intelligence artificielle et ses r\u00e9percussions sur notre soci\u00e9t\u00e9, de philosophie et fiction d\u2019\u00e9thique dans le monde des affaires.<\/p>\n\n\n\n<p>Nous esp\u00e9rons que ces d\u00e9bats permettront de provoquer et de stimuler les rencontres entre diff\u00e9rents \u00e9l\u00e9ments de la soci\u00e9t\u00e9 civile en Roumanie.<\/p>\n\n\n\n<h3 class=\"wp-block-heading\">Programul complet<\/h3>\n\n\n\n<div data-wp-interactive=\"core\/file\" class=\"wp-block-file\"><object data-wp-bind--hidden=\"!state.hasPdfPreview\" hidden class=\"wp-block-file__embed\" data=\"https:\/\/institutfrancais.ro\/timisoara\/wp-content\/uploads\/sites\/5\/2023\/05\/TM-NOAPTEA-FILOSOFIEI-2023-pag2.pdf\" type=\"application\/pdf\" style=\"width:100%;height:738px\" aria-label=\"Contenu embarqu\u00e9 \u00cenglobare pentru TM-NOAPTEA-FILOSOFIEI-2023-pag2..\"><\/object><a id=\"wp-block-file--media-5eded1dd-edfe-45b7-b813-964ca0a1b465\" href=\"https:\/\/institutfrancais.ro\/timisoara\/wp-content\/uploads\/sites\/5\/2023\/05\/TM-NOAPTEA-FILOSOFIEI-2023-pag2.pdf\">TM-NOAPTEA-FILOSOFIEI-2023-pag2<\/a><a href=\"https:\/\/institutfrancais.ro\/timisoara\/wp-content\/uploads\/sites\/5\/2023\/05\/TM-NOAPTEA-FILOSOFIEI-2023-pag2.pdf\" class=\"wp-block-file__button\" download aria-describedby=\"wp-block-file--media-5eded1dd-edfe-45b7-b813-964ca0a1b465\">Descarc\u0103<\/a><\/div>\n","protected":false},"excerpt":{"rendered":"<p>Le jeudi 25 mai \u00e0 Bucarest et le vendredi 26 mai \u00e0 Timi\u0219oara, nous verrons la philosophie sous un tout autre jour : La nuit ! En cette ann\u00e9e 2023 o\u00f9 Timisoara est Capitale Europ\u00e9enne de la Culture, nous sommes tr\u00e8s heureux de renouveler pour la troisi\u00e8me fois l\u2019exp\u00e9rience de La Nuit de la philosophie [&hellip;]<\/p>\n","protected":false},"author":16,"featured_media":4041,"comment_status":"open","ping_status":"open","sticky":false,"template":"","format":"standard","meta":{"footnotes":""},"categories":[391,189],"tags":[],"class_list":["post-4220","post","type-post","status-publish","format-standard","has-post-thumbnail","hentry","category-iiieme-edition-2023","category-nuit-de-la-philosophie"],"_links":{"self":[{"href":"https:\/\/institutfrancais.ro\/timisoara\/fr\/wp-json\/wp\/v2\/posts\/4220","targetHints":{"allow":["GET"]}}],"collection":[{"href":"https:\/\/institutfrancais.ro\/timisoara\/fr\/wp-json\/wp\/v2\/posts"}],"about":[{"href":"https:\/\/institutfrancais.ro\/timisoara\/fr\/wp-json\/wp\/v2\/types\/post"}],"author":[{"embeddable":true,"href":"https:\/\/institutfrancais.ro\/timisoara\/fr\/wp-json\/wp\/v2\/users\/16"}],"replies":[{"embeddable":true,"href":"https:\/\/institutfrancais.ro\/timisoara\/fr\/wp-json\/wp\/v2\/comments?post=4220"}],"version-history":[{"count":2,"href":"https:\/\/institutfrancais.ro\/timisoara\/fr\/wp-json\/wp\/v2\/posts\/4220\/revisions"}],"predecessor-version":[{"id":4224,"href":"https:\/\/institutfrancais.ro\/timisoara\/fr\/wp-json\/wp\/v2\/posts\/4220\/revisions\/4224"}],"wp:featuredmedia":[{"embeddable":true,"href":"https:\/\/institutfrancais.ro\/timisoara\/fr\/wp-json\/wp\/v2\/media\/4041"}],"wp:attachment":[{"href":"https:\/\/institutfrancais.ro\/timisoara\/fr\/wp-json\/wp\/v2\/media?parent=4220"}],"wp:term":[{"taxonomy":"category","embeddable":true,"href":"https:\/\/institutfrancais.ro\/timisoara\/fr\/wp-json\/wp\/v2\/categories?post=4220"},{"taxonomy":"post_tag","embeddable":true,"href":"https:\/\/institutfrancais.ro\/timisoara\/fr\/wp-json\/wp\/v2\/tags?post=4220"}],"curies":[{"name":"wp","href":"https:\/\/api.w.org\/{rel}","templated":true}]}}