{"id":2345,"date":"2022-05-11T11:13:00","date_gmt":"2022-05-11T11:13:00","guid":{"rendered":"https:\/\/institutfrancais.ro\/timisoara\/?p=2345"},"modified":"2022-05-13T15:00:42","modified_gmt":"2022-05-13T15:00:42","slug":"noaptea-filosofiei-revine-la-timisoara","status":"publish","type":"post","link":"https:\/\/institutfrancais.ro\/timisoara\/noaptea-filosofiei-revine-la-timisoara\/","title":{"rendered":"Noaptea Filosofiei revine la Timi\u0219oara"},"content":{"rendered":"\n<p>Pe <strong>20 mai 2022<\/strong>, Timi\u0219oara va g\u0103zdui cea de-a doua edi\u021bie a <strong>Nop\u021bii Filosofiei<\/strong>, un eveniment ini\u021biat \u00een \u021bara noastr\u0103 de Institutul Francez din Rom\u00e2nia la Timi\u0219oara. Dup\u0103 succesul primei edi\u021bii, a doua <em>Noapte a Filosofiei <\/em>se va desf\u0103\u0219ura \u00een 3 locuri de importan\u021b\u0103 major\u0103 \u00een via\u021ba cultural\u0103 timi\u0219orean\u0103: Institutul Francez din Timi\u0219oara, libr\u0103ria <em>La Dou\u0103 Bufni\u021be <\/em>\u0219i Casa Artelor. Primirea c\u0103lduroas\u0103 de care s-a bucurat evenimentul \u00een 2021 ne determin\u0103 s\u0103 credem c\u0103 ar trebui s\u0103 devin\u0103 o tradi\u021bie a scenei intelectuale rom\u00e2ne\u0219ti.<\/p>\n\n\n\n<p>Edi\u021bia din 2022, european\u0103 prin temele abordate \u0219i prin invita\u021bii din toat\u0103 Europa, va avea loc \u00een timpul Pre\u0219edin\u021biei franceze a Consiliului UE \u0219i va avea ca tem\u0103 general\u0103 \u201e<strong>(Re)Construim \u00eempreun\u0103\u201d<\/strong>.<\/p>\n\n\n\n<p>Evenimentul este conceput ca un parcurs nocturn, filosofic \u0219i festiv, al c\u0103rui scop este \u201ede a ar\u0103ta filosofia \u00eentr-o alt\u0103 lumin\u0103 \u2013 noaptea.\u201d Astfel, cu participarea extraordinar\u0103 a unor filosofi \u0219i intelectuali din Rom\u00e2nia, Fran\u021ba, Germania, Serbia, vom organiza dezbateri, conferin\u021be, proiec\u021bii, spectacole \u0219i performance-uri prin intermediul c\u0103rora vom aborda tematici arz\u0103toare, de interes pentru societatea actual\u0103.<\/p>\n\n\n\n<p>\u00cempreun\u0103 cu invita\u021bii no\u0219tri, numero\u0219i filosofi, oameni de \u0219tiin\u021b\u0103, arti\u0219ti, teoreticieni, politologi sau sociologi de notorietate interna\u021bional\u0103, vom aborda teme arz\u0103toare care nu au nevoie dec\u00e2t s\u0103 fie privite dintr-o alt\u0103 perspectiv\u0103, cu alte metode teoretice \u0219i practice\u201d declar\u0103 Rapha\u00ebl Zagury-Orly.<\/p>\n\n\n\n<p>\u201ePrin prelegerile \u0219i dezbaterile ce vor avea loc, ne-am propus s\u0103 punem \u00een lumin\u0103 at\u00e2t&nbsp;<strong>rolul practic al filosofiei \u00een via\u021ba fiec\u0103ruia dintre noi<\/strong>, c\u00e2t \u0219i modul \u00een care, prin ea, putem construi o societate mai echilibrat\u0103 \u0219i s\u0103 preg\u0103tim un viitor pentru care, din punct de vedere biologic, nu suntem preg\u0103ti\u021bi: un viitor \u00een care inteligen\u021ba artificial\u0103 se \u00eemplete\u0219te cu inteligen\u021ba natural\u0103 \u0219i noile tehnologii vor schimba radical modul \u00een care tr\u0103im \u0219i ne raport\u0103m la via\u021b\u0103.\u201d completeaz\u0103 Cornel-Florin Moraru.<\/p>\n\n\n\n<p><strong>Tematicile abordate<\/strong>&nbsp;sunt diverse, merg\u00e2nd de la art\u0103 la ecologie, de la etic\u0103 la politic\u0103 \u0219i istorie, ating\u00e2nd problemele acute ale societ\u0103\u021bii de azi, precum:&nbsp; dialogul dintre \u0219tiin\u021b\u0103 \u0219i filosofie; etica \u0219i estetica inteligen\u021bei artificiale; dilemele r\u0103zboiului; falsele fake news; rolul artei \u00een vremuri tulburi; frica de moarte \u0219i frica de a nu fi tr\u0103it \u00een zadar; cum ne vorbe\u0219te natura; filosofia \u00een contexte neconven\u021bionale, \u0219i multe altele.<\/p>\n\n\n\n<p>Pentru c\u0103 filosofarea este o abilitate \u00eenn\u0103scut\u0103 a celor mici, \u00een cadrul evenimentului vor avea loc&nbsp;<strong>ateliere de filosofie care le sunt special dedicate copiilor \u0219i adolescen\u021bilor.<\/strong>&nbsp;<\/p>\n\n\n\n<p><strong>O serie de evenimente speciale<\/strong>&nbsp;completeaz\u0103 programul Nop\u021bii Filosofiei la Timi\u0219oara: proiec\u021bii de film, vizite ghidate ale instala\u021biei <em>N&#8217;oublie pas l&#8217;hiver<\/em> cu artista Nathalie Rodach, DJ set cu filosoful Cornel Moraru. <\/p>\n\n\n\n<p><strong>Organizator: <\/strong>Institutul Francez din Rom\u00e2nia<\/p>\n\n\n\n<p><strong>Cu sprijinul: <\/strong>Akwel, Everience<\/p>\n\n\n\n<p><strong>Parteneri culturali: <\/strong>Timisoara 2023, La Dou\u0103 Bufni\u021be, Casa Artelor, Facultatea de Arte \u0219i Design, UVT, Facultatea de \u0218tiin\u021be Politice, Filosofie \u0219i \u0218tiin\u021be ale Comunic\u0103rii, UVT, Funda\u021bia Art Encounters, Centrul Cultural German din Timi\u0219oara, Forumul Cultural Austriac Bucure\u0219ti.<\/p>\n\n\n\n<p><strong>Parteneri media: <\/strong>RFI Rom\u00e2nia, Radio Rom\u00e2nia<\/p>\n\n\n\n<p><strong>Parteneri tehnici: <\/strong>FITT <\/p>\n","protected":false},"excerpt":{"rendered":"<p>Pe 20 mai 2022, Timi\u0219oara va g\u0103zdui cea de-a doua edi\u021bie a Nop\u021bii Filosofiei, un eveniment ini\u021biat \u00een \u021bara noastr\u0103 de Institutul Francez din Rom\u00e2nia la Timi\u0219oara. Dup\u0103 succesul primei edi\u021bii, a doua Noapte a Filosofiei se va desf\u0103\u0219ura \u00een 3 locuri de importan\u021b\u0103 major\u0103 \u00een via\u021ba cultural\u0103 timi\u0219orean\u0103: Institutul Francez din Timi\u0219oara, libr\u0103ria La [&hellip;]<\/p>\n","protected":false},"author":16,"featured_media":2346,"comment_status":"open","ping_status":"open","sticky":false,"template":"","format":"standard","meta":{"footnotes":""},"categories":[317],"tags":[],"class_list":["post-2345","post","type-post","status-publish","format-standard","has-post-thumbnail","hentry","category-noaptea-filosofiei-editia-ii"],"_links":{"self":[{"href":"https:\/\/institutfrancais.ro\/timisoara\/wp-json\/wp\/v2\/posts\/2345","targetHints":{"allow":["GET"]}}],"collection":[{"href":"https:\/\/institutfrancais.ro\/timisoara\/wp-json\/wp\/v2\/posts"}],"about":[{"href":"https:\/\/institutfrancais.ro\/timisoara\/wp-json\/wp\/v2\/types\/post"}],"author":[{"embeddable":true,"href":"https:\/\/institutfrancais.ro\/timisoara\/wp-json\/wp\/v2\/users\/16"}],"replies":[{"embeddable":true,"href":"https:\/\/institutfrancais.ro\/timisoara\/wp-json\/wp\/v2\/comments?post=2345"}],"version-history":[{"count":3,"href":"https:\/\/institutfrancais.ro\/timisoara\/wp-json\/wp\/v2\/posts\/2345\/revisions"}],"predecessor-version":[{"id":2426,"href":"https:\/\/institutfrancais.ro\/timisoara\/wp-json\/wp\/v2\/posts\/2345\/revisions\/2426"}],"wp:featuredmedia":[{"embeddable":true,"href":"https:\/\/institutfrancais.ro\/timisoara\/wp-json\/wp\/v2\/media\/2346"}],"wp:attachment":[{"href":"https:\/\/institutfrancais.ro\/timisoara\/wp-json\/wp\/v2\/media?parent=2345"}],"wp:term":[{"taxonomy":"category","embeddable":true,"href":"https:\/\/institutfrancais.ro\/timisoara\/wp-json\/wp\/v2\/categories?post=2345"},{"taxonomy":"post_tag","embeddable":true,"href":"https:\/\/institutfrancais.ro\/timisoara\/wp-json\/wp\/v2\/tags?post=2345"}],"curies":[{"name":"wp","href":"https:\/\/api.w.org\/{rel}","templated":true}]}}