{"id":4055,"date":"2023-05-09T14:59:49","date_gmt":"2023-05-09T14:59:49","guid":{"rendered":"https:\/\/institutfrancais.ro\/timisoara\/?p=4055"},"modified":"2023-05-26T08:22:33","modified_gmt":"2023-05-26T08:22:33","slug":"noaptea-filosofiei-2023","status":"publish","type":"post","link":"https:\/\/institutfrancais.ro\/timisoara\/noaptea-filosofiei-2023\/","title":{"rendered":"Noaptea Filosofiei 2023"},"content":{"rendered":"\n<p>Pe <strong>26 mai<\/strong>, \u00een anul Capitalei Europene a Culturii, Timi\u0219oara va g\u0103zdui cea de-a treia edi\u021bie a <strong>Nop\u021bii Filosofiei<\/strong>, un eveniment ini\u021biat \u00een \u021bara noastr\u0103 de Institutul Francez din Rom\u00e2nia. Dup\u0103 succesul edi\u021biilor anterioare, a treia <em>Noapte a Filosofiei<\/em> se va desf\u0103\u0219ura la nivel na\u021bional, cu o edi\u021bie \u00een premier\u0103 la Bucure\u0219ti, \u00een <strong>25 mai<\/strong> \u0219i la Timi\u0219oara, \u00een <strong>26 mai<\/strong>.<\/p>\n\n\n\n<p>Edi\u021bia de anul acesta, european\u0103 prin temele abordate \u0219i prin invita\u021bii din toat\u0103 Europa, va avea ca tem\u0103 general\u0103 \u201e<strong>Omul de m\u00e2ine \/ The Human to Come<\/strong>\u201d. \u00centregul eveniment este g\u00e2ndit ca un parcurs nocturn, filosofic \u0219i festiv, care porne\u0219te de la Institutul Francez spre alte loca\u021bii&nbsp; cheie din cele dou\u0103 ora\u0219e, unde, cu participarea extraordinar\u0103 a unor filosofi \u0219i intelectuali din Rom\u00e2nia, Fran\u021ba, Serbia, Austria, se vor desf\u0103\u0219ura dezbateri, conferin\u021be \u0219i performace-uri.<\/p>\n\n\n\n<p>\u201eProvocarea principal\u0103 a acestei edi\u021bii a fost aceea de a alege, pentru ambele ora\u0219e, acele subiecte relevante totodat\u0103 pentru comunitatea filosofic\u0103, c\u00e2t \u0219i pentru publicul cultural \u00een sens larg, care s\u0103 acopere un orizont variat de domenii, de la etic\u0103 la filosofia artei, de la practic\u0103 filosofic\u0103 la filosofia r\u0103zboiului. Care sunt provoc\u0103rile pe care inteligen\u021ba artificial\u0103 \u0219i tehnologiile emergente le vor avea asupra noastr\u0103 ca indivizi, dar \u0219i ca societate? cum va ar\u0103ta arta de m\u00e2ine, f\u0103cut\u0103 cu ajutorul inteligen\u021bei artificiale? Cum mai putem fi autentici \u00een societatea digital\u0103 a zilelor noastre?\u201d m\u0103rturise\u0219te Cornel Moraru, unul dintre curatorii evenimentului. <\/p>\n\n\n\n<p>\u201eAm \u00eencercat s\u0103 centrez dialogurile \u0219i discu\u021biile \u00een jurul statutului democra\u021biei \u00een lume, a problematicilor ecologice \u0219i problemelor de gen,\u201d completeaz\u0103 Raphael Zagury-Orly. <\/p>\n\n\n\n<p> <strong>Tematicile abordate<\/strong> sunt diverse, merg\u00e2nd de la etic\u0103 la politic\u0103 \u0219i religie, de la art\u0103 la inteligen\u021b\u0103 artificial\u0103 \u0219i realitate virtual\u0103, ating\u00e2nd problemele acute ale societ\u0103\u021bii de azi, precum: filosofia literaturii, provocarea IA pentru arta contemporan\u0103, filosofia ca fic\u021biune despre adev\u0103r, ecofeminism, filosofia \u0219i IA, catastrofe nucleare, etc.<\/p>\n\n\n\n<p>Printre<strong> invita\u021bii<\/strong> de anul acesta, se num\u0103r\u0103: Christophe Pebarthe, Barbara Stiegler, Anne Simon, Fabienne Brugere, Eric Prem, Theofanis Tasis, Aur\u00e9lien Bellanger, Elise Domenach, Dragan Prole, Daniel Nica, Radu Uszkai, Mihail Cernea, Adriana Babe\u021bi, Marcel Tolcea, Claudiu Mesaro\u0219, Grigore Vida, Octavian Repolschi, Adrian Briciu, Armand Voinov, Alin Gavreliuc, Florin Lobon\u021b, Ionu\u021b Mladin, Anca Tiurean, Camil Mih\u0103escu.<\/p>\n\n\n\n<p>\u0218i pentru c\u0103 filosofarea este o abilitate \u00eenn\u0103scut\u0103 a celor mici, \u00een cadrul evenimentului vor avea loc <strong>ateliere de filosofie care le sunt special dedicate copiilor.<\/strong> &nbsp;<\/p>\n\n\n\n<h3 class=\"wp-block-heading\"><strong>Despre curatorii Nop\u021bii Filosofiei la Timi\u0219oara<\/strong><\/h3>\n\n\n\n<p><strong>Raphael Zagury-Orly<\/strong> este un filosof francez, profesor de filosofie la Institut Catholique de Paris,&nbsp; Director de Programe la Coll\u00e8ge International de Philosophie (Paris) \u0219i cercet\u0103tor asociat la Centrul de cercetare despre arte \u0219i limbaj (Paris).<\/p>\n\n\n\n<p><strong>Cornel-Florin Moraru<\/strong> este doctor \u00een filosofie, lector la Universitatea Na\u021bional\u0103 de Arte din Bucure\u0219ti, unde pred\u0103 filosofia artei, estetic\u0103, istoria filosofiei \u0219i etic\u0103 academic\u0103, fiind directorul departamentului \u201eTeorie, Cercetare\u201d. Acesta este realizatorul singurei emisiuni dedicate filosofiei din peisajul radiofonic rom\u00e2nesc: \u201eIzvoare de filosofie\u201d, difuzat\u0103 de Radio Rom\u00e2nia Cultural.<\/p>\n\n\n\n<h3 class=\"wp-block-heading\">Programul complet<\/h3>\n\n\n\n<div data-wp-interactive=\"core\/file\" class=\"wp-block-file\"><object data-wp-bind--hidden=\"!state.hasPdfPreview\" hidden class=\"wp-block-file__embed\" data=\"https:\/\/institutfrancais.ro\/timisoara\/wp-content\/uploads\/sites\/5\/2023\/05\/TM-NOAPTEA-FILOSOFIEI-2023-pag2.pdf\" type=\"application\/pdf\" style=\"width:100%;height:738px\" aria-label=\"\u00cenglobare pentru \u00cenglobare pentru TM-NOAPTEA-FILOSOFIEI-2023-pag2..\"><\/object><a id=\"wp-block-file--media-b99ab513-ea1a-4e49-8e8c-87f934014ad3\" href=\"https:\/\/institutfrancais.ro\/timisoara\/wp-content\/uploads\/sites\/5\/2023\/05\/TM-NOAPTEA-FILOSOFIEI-2023-pag2.pdf\">TM-NOAPTEA-FILOSOFIEI-2023-pag2<\/a><a href=\"https:\/\/institutfrancais.ro\/timisoara\/wp-content\/uploads\/sites\/5\/2023\/05\/TM-NOAPTEA-FILOSOFIEI-2023-pag2.pdf\" class=\"wp-block-file__button\" download aria-describedby=\"wp-block-file--media-b99ab513-ea1a-4e49-8e8c-87f934014ad3\">Descarc\u0103<\/a><\/div>\n","protected":false},"excerpt":{"rendered":"<p>Pe 26 mai, \u00een anul Capitalei Europene a Culturii, Timi\u0219oara va g\u0103zdui cea de-a treia edi\u021bie a Nop\u021bii Filosofiei, un eveniment ini\u021biat \u00een \u021bara noastr\u0103 de Institutul Francez din Rom\u00e2nia. Dup\u0103 succesul edi\u021biilor anterioare, a treia Noapte a Filosofiei se va desf\u0103\u0219ura la nivel na\u021bional, cu o edi\u021bie \u00een premier\u0103 la Bucure\u0219ti, \u00een 25 mai [&hellip;]<\/p>\n","protected":false},"author":16,"featured_media":4042,"comment_status":"open","ping_status":"open","sticky":false,"template":"","format":"standard","meta":{"footnotes":""},"categories":[390,188],"tags":[],"class_list":["post-4055","post","type-post","status-publish","format-standard","has-post-thumbnail","hentry","category-editia-a-iii-a-2023","category-noaptea-filosofiei"],"_links":{"self":[{"href":"https:\/\/institutfrancais.ro\/timisoara\/wp-json\/wp\/v2\/posts\/4055","targetHints":{"allow":["GET"]}}],"collection":[{"href":"https:\/\/institutfrancais.ro\/timisoara\/wp-json\/wp\/v2\/posts"}],"about":[{"href":"https:\/\/institutfrancais.ro\/timisoara\/wp-json\/wp\/v2\/types\/post"}],"author":[{"embeddable":true,"href":"https:\/\/institutfrancais.ro\/timisoara\/wp-json\/wp\/v2\/users\/16"}],"replies":[{"embeddable":true,"href":"https:\/\/institutfrancais.ro\/timisoara\/wp-json\/wp\/v2\/comments?post=4055"}],"version-history":[{"count":4,"href":"https:\/\/institutfrancais.ro\/timisoara\/wp-json\/wp\/v2\/posts\/4055\/revisions"}],"predecessor-version":[{"id":4284,"href":"https:\/\/institutfrancais.ro\/timisoara\/wp-json\/wp\/v2\/posts\/4055\/revisions\/4284"}],"wp:featuredmedia":[{"embeddable":true,"href":"https:\/\/institutfrancais.ro\/timisoara\/wp-json\/wp\/v2\/media\/4042"}],"wp:attachment":[{"href":"https:\/\/institutfrancais.ro\/timisoara\/wp-json\/wp\/v2\/media?parent=4055"}],"wp:term":[{"taxonomy":"category","embeddable":true,"href":"https:\/\/institutfrancais.ro\/timisoara\/wp-json\/wp\/v2\/categories?post=4055"},{"taxonomy":"post_tag","embeddable":true,"href":"https:\/\/institutfrancais.ro\/timisoara\/wp-json\/wp\/v2\/tags?post=4055"}],"curies":[{"name":"wp","href":"https:\/\/api.w.org\/{rel}","templated":true}]}}