{"id":5334,"date":"2020-12-31T09:40:00","date_gmt":"2020-12-31T09:40:00","guid":{"rendered":"https:\/\/institutfrancais.ro\/timisoara\/notre-equipe-enseignante\/"},"modified":"2025-02-28T14:46:45","modified_gmt":"2025-02-28T14:46:45","slug":"notre-equipe-enseignante","status":"publish","type":"post","link":"https:\/\/institutfrancais.ro\/timisoara\/notre-equipe-enseignante\/","title":{"rendered":"Echipa didactic\u0103"},"content":{"rendered":"\n<div style=\"height:25px\" aria-hidden=\"true\" class=\"wp-block-spacer\"><\/div>\n\n\n\n<figure class=\"wp-block-gallery has-nested-images columns-default is-cropped wp-block-gallery-1 is-layout-flex wp-block-gallery-is-layout-flex\">\n<figure class=\"wp-block-image size-large is-style-rounded\"><img loading=\"lazy\" decoding=\"async\" width=\"1200\" height=\"750\" data-id=\"5312\" src=\"https:\/\/institutfrancais.ro\/timisoara\/wp-content\/uploads\/sites\/5\/2024\/02\/BALOS-photo-1-edited.jpg\" alt=\"\" class=\"wp-image-5312\" srcset=\"https:\/\/institutfrancais.ro\/timisoara\/wp-content\/uploads\/sites\/5\/2024\/02\/BALOS-photo-1-edited.jpg 1200w, https:\/\/institutfrancais.ro\/timisoara\/wp-content\/uploads\/sites\/5\/2024\/02\/BALOS-photo-1-edited-300x188.jpg 300w, https:\/\/institutfrancais.ro\/timisoara\/wp-content\/uploads\/sites\/5\/2024\/02\/BALOS-photo-1-edited-1024x640.jpg 1024w, https:\/\/institutfrancais.ro\/timisoara\/wp-content\/uploads\/sites\/5\/2024\/02\/BALOS-photo-1-edited-768x480.jpg 768w\" sizes=\"auto, (max-width: 1200px) 100vw, 1200px\" \/><figcaption class=\"wp-element-caption\"><strong><mark style=\"background-color:#ffffff\" class=\"has-inline-color\">   Bianca Maria BALO\u0218  <\/mark><\/strong><\/figcaption><\/figure>\n\n\n\n<figure class=\"wp-block-image size-full is-style-rounded\"><img loading=\"lazy\" decoding=\"async\" width=\"2560\" height=\"1707\" data-id=\"5357\" src=\"https:\/\/institutfrancais.ro\/timisoara\/wp-content\/uploads\/sites\/5\/2024\/02\/CATONA-if-45-scaled.jpg\" alt=\"\" class=\"wp-image-5357\" srcset=\"https:\/\/institutfrancais.ro\/timisoara\/wp-content\/uploads\/sites\/5\/2024\/02\/CATONA-if-45-scaled.jpg 2560w, https:\/\/institutfrancais.ro\/timisoara\/wp-content\/uploads\/sites\/5\/2024\/02\/CATONA-if-45-300x200.jpg 300w, https:\/\/institutfrancais.ro\/timisoara\/wp-content\/uploads\/sites\/5\/2024\/02\/CATONA-if-45-1024x683.jpg 1024w, https:\/\/institutfrancais.ro\/timisoara\/wp-content\/uploads\/sites\/5\/2024\/02\/CATONA-if-45-768x512.jpg 768w, https:\/\/institutfrancais.ro\/timisoara\/wp-content\/uploads\/sites\/5\/2024\/02\/CATONA-if-45-1536x1024.jpg 1536w, https:\/\/institutfrancais.ro\/timisoara\/wp-content\/uploads\/sites\/5\/2024\/02\/CATONA-if-45-2048x1365.jpg 2048w\" sizes=\"auto, (max-width: 2560px) 100vw, 2560px\" \/><figcaption class=\"wp-element-caption\"><strong><mark style=\"background-color:#ffffff\" class=\"has-inline-color has-black-color\">  Cecilia CATONA  <\/mark><\/strong><\/figcaption><\/figure>\n\n\n\n<figure class=\"wp-block-image size-large is-style-rounded\"><img loading=\"lazy\" decoding=\"async\" width=\"1024\" height=\"683\" data-id=\"5284\" src=\"https:\/\/institutfrancais.ro\/timisoara\/wp-content\/uploads\/sites\/5\/2024\/02\/COROAMA-\u2013-DORNEANU-if-28-1024x683.jpg\" alt=\"\" class=\"wp-image-5284\" srcset=\"https:\/\/institutfrancais.ro\/timisoara\/wp-content\/uploads\/sites\/5\/2024\/02\/COROAMA-\u2013-DORNEANU-if-28-1024x683.jpg 1024w, https:\/\/institutfrancais.ro\/timisoara\/wp-content\/uploads\/sites\/5\/2024\/02\/COROAMA-\u2013-DORNEANU-if-28-300x200.jpg 300w, https:\/\/institutfrancais.ro\/timisoara\/wp-content\/uploads\/sites\/5\/2024\/02\/COROAMA-\u2013-DORNEANU-if-28-768x512.jpg 768w, https:\/\/institutfrancais.ro\/timisoara\/wp-content\/uploads\/sites\/5\/2024\/02\/COROAMA-\u2013-DORNEANU-if-28-1536x1024.jpg 1536w, https:\/\/institutfrancais.ro\/timisoara\/wp-content\/uploads\/sites\/5\/2024\/02\/COROAMA-\u2013-DORNEANU-if-28-2048x1365.jpg 2048w\" sizes=\"auto, (max-width: 1024px) 100vw, 1024px\" \/><figcaption class=\"wp-element-caption\"><mark style=\"background-color:#ffffff\" class=\"has-inline-color\"> <strong><strong>   Laura COROAMA-DORNEANU  <\/strong><\/strong><\/mark><\/figcaption><\/figure>\n\n\n\n<figure class=\"wp-block-image size-large is-style-rounded\"><img loading=\"lazy\" decoding=\"async\" width=\"1024\" height=\"683\" data-id=\"5285\" src=\"https:\/\/institutfrancais.ro\/timisoara\/wp-content\/uploads\/sites\/5\/2024\/02\/ERIMESCU-if-53-1024x683.jpg\" alt=\"\" class=\"wp-image-5285\" srcset=\"https:\/\/institutfrancais.ro\/timisoara\/wp-content\/uploads\/sites\/5\/2024\/02\/ERIMESCU-if-53-1024x683.jpg 1024w, https:\/\/institutfrancais.ro\/timisoara\/wp-content\/uploads\/sites\/5\/2024\/02\/ERIMESCU-if-53-300x200.jpg 300w, https:\/\/institutfrancais.ro\/timisoara\/wp-content\/uploads\/sites\/5\/2024\/02\/ERIMESCU-if-53-768x512.jpg 768w, https:\/\/institutfrancais.ro\/timisoara\/wp-content\/uploads\/sites\/5\/2024\/02\/ERIMESCU-if-53-1536x1024.jpg 1536w, https:\/\/institutfrancais.ro\/timisoara\/wp-content\/uploads\/sites\/5\/2024\/02\/ERIMESCU-if-53-2048x1365.jpg 2048w\" sizes=\"auto, (max-width: 1024px) 100vw, 1024px\" \/><figcaption class=\"wp-element-caption\"><strong><strong><strong><mark style=\"background-color:#ffffff\" class=\"has-inline-color has-black-color\">  Oara Aurelia ERIMESCU  <\/mark><\/strong><\/strong><\/strong><\/figcaption><\/figure>\n\n\n\n<figure class=\"wp-block-image size-large is-style-rounded\"><img loading=\"lazy\" decoding=\"async\" width=\"2560\" height=\"1599\" data-id=\"5326\" src=\"https:\/\/institutfrancais.ro\/timisoara\/wp-content\/uploads\/sites\/5\/2024\/02\/GHEJU-if-130-1-edited-scaled.jpg\" alt=\"\" class=\"wp-image-5326\" srcset=\"https:\/\/institutfrancais.ro\/timisoara\/wp-content\/uploads\/sites\/5\/2024\/02\/GHEJU-if-130-1-edited-scaled.jpg 2560w, https:\/\/institutfrancais.ro\/timisoara\/wp-content\/uploads\/sites\/5\/2024\/02\/GHEJU-if-130-1-edited-300x187.jpg 300w, https:\/\/institutfrancais.ro\/timisoara\/wp-content\/uploads\/sites\/5\/2024\/02\/GHEJU-if-130-1-edited-1024x640.jpg 1024w, https:\/\/institutfrancais.ro\/timisoara\/wp-content\/uploads\/sites\/5\/2024\/02\/GHEJU-if-130-1-edited-768x480.jpg 768w, https:\/\/institutfrancais.ro\/timisoara\/wp-content\/uploads\/sites\/5\/2024\/02\/GHEJU-if-130-1-edited-1536x959.jpg 1536w, https:\/\/institutfrancais.ro\/timisoara\/wp-content\/uploads\/sites\/5\/2024\/02\/GHEJU-if-130-1-edited-2048x1279.jpg 2048w\" sizes=\"auto, (max-width: 2560px) 100vw, 2560px\" \/><figcaption class=\"wp-element-caption\"><strong><strong><mark style=\"background-color:#ffffff\" class=\"has-inline-color has-black-color\">  Georgeta GHEJU  <\/mark><\/strong><\/strong><\/figcaption><\/figure>\n\n\n\n<figure class=\"wp-block-image size-large is-style-rounded\"><img loading=\"lazy\" decoding=\"async\" width=\"1024\" height=\"683\" data-id=\"5283\" src=\"https:\/\/institutfrancais.ro\/timisoara\/wp-content\/uploads\/sites\/5\/2024\/02\/HANDRA-if-97-1024x683.jpg\" alt=\"\" class=\"wp-image-5283\" srcset=\"https:\/\/institutfrancais.ro\/timisoara\/wp-content\/uploads\/sites\/5\/2024\/02\/HANDRA-if-97-1024x683.jpg 1024w, https:\/\/institutfrancais.ro\/timisoara\/wp-content\/uploads\/sites\/5\/2024\/02\/HANDRA-if-97-300x200.jpg 300w, https:\/\/institutfrancais.ro\/timisoara\/wp-content\/uploads\/sites\/5\/2024\/02\/HANDRA-if-97-768x512.jpg 768w, https:\/\/institutfrancais.ro\/timisoara\/wp-content\/uploads\/sites\/5\/2024\/02\/HANDRA-if-97-1536x1024.jpg 1536w, https:\/\/institutfrancais.ro\/timisoara\/wp-content\/uploads\/sites\/5\/2024\/02\/HANDRA-if-97-2048x1365.jpg 2048w\" sizes=\"auto, (max-width: 1024px) 100vw, 1024px\" \/><figcaption class=\"wp-element-caption\"><strong><mark style=\"background-color:#ffffff\" class=\"has-inline-color has-black-color\"> <strong><strong>  Clarisa HANDRA  <\/strong><\/strong> <\/mark><\/strong><\/figcaption><\/figure>\n\n\n\n<figure class=\"wp-block-image size-large is-style-rounded\"><img loading=\"lazy\" decoding=\"async\" width=\"664\" height=\"415\" data-id=\"5322\" src=\"https:\/\/institutfrancais.ro\/timisoara\/wp-content\/uploads\/sites\/5\/2024\/02\/ILIESCU-photo-edited.jpg\" alt=\"\" class=\"wp-image-5322\" srcset=\"https:\/\/institutfrancais.ro\/timisoara\/wp-content\/uploads\/sites\/5\/2024\/02\/ILIESCU-photo-edited.jpg 664w, https:\/\/institutfrancais.ro\/timisoara\/wp-content\/uploads\/sites\/5\/2024\/02\/ILIESCU-photo-edited-300x188.jpg 300w\" sizes=\"auto, (max-width: 664px) 100vw, 664px\" \/><figcaption class=\"wp-element-caption\"><strong><mark style=\"background-color:#ffffff\" class=\"has-inline-color has-black-color\"> <strong><strong>  Doina ILIESCU  <\/strong><\/strong> <\/mark><\/strong><\/figcaption><\/figure>\n\n\n\n<figure class=\"wp-block-image size-large is-style-rounded\"><img loading=\"lazy\" decoding=\"async\" width=\"2048\" height=\"1280\" data-id=\"5318\" src=\"https:\/\/institutfrancais.ro\/timisoara\/wp-content\/uploads\/sites\/5\/2024\/02\/IOBB-photo-edited.jpg\" alt=\"\" class=\"wp-image-5318\" srcset=\"https:\/\/institutfrancais.ro\/timisoara\/wp-content\/uploads\/sites\/5\/2024\/02\/IOBB-photo-edited.jpg 2048w, https:\/\/institutfrancais.ro\/timisoara\/wp-content\/uploads\/sites\/5\/2024\/02\/IOBB-photo-edited-300x188.jpg 300w, https:\/\/institutfrancais.ro\/timisoara\/wp-content\/uploads\/sites\/5\/2024\/02\/IOBB-photo-edited-1024x640.jpg 1024w, https:\/\/institutfrancais.ro\/timisoara\/wp-content\/uploads\/sites\/5\/2024\/02\/IOBB-photo-edited-768x480.jpg 768w, https:\/\/institutfrancais.ro\/timisoara\/wp-content\/uploads\/sites\/5\/2024\/02\/IOBB-photo-edited-1536x960.jpg 1536w\" sizes=\"auto, (max-width: 2048px) 100vw, 2048px\" \/><figcaption class=\"wp-element-caption\"><strong><strong><mark style=\"background-color:#ffffff\" class=\"has-inline-color has-black-color\">  Laura IOBB  <\/mark><\/strong><\/strong><\/figcaption><\/figure>\n\n\n\n<figure class=\"wp-block-image size-large is-style-rounded\"><img loading=\"lazy\" decoding=\"async\" width=\"1024\" height=\"683\" data-id=\"5291\" src=\"https:\/\/institutfrancais.ro\/timisoara\/wp-content\/uploads\/sites\/5\/2024\/02\/MITROI-if-94-1024x683.jpg\" alt=\"\" class=\"wp-image-5291\" srcset=\"https:\/\/institutfrancais.ro\/timisoara\/wp-content\/uploads\/sites\/5\/2024\/02\/MITROI-if-94-1024x683.jpg 1024w, https:\/\/institutfrancais.ro\/timisoara\/wp-content\/uploads\/sites\/5\/2024\/02\/MITROI-if-94-300x200.jpg 300w, https:\/\/institutfrancais.ro\/timisoara\/wp-content\/uploads\/sites\/5\/2024\/02\/MITROI-if-94-768x512.jpg 768w, https:\/\/institutfrancais.ro\/timisoara\/wp-content\/uploads\/sites\/5\/2024\/02\/MITROI-if-94-1536x1024.jpg 1536w, https:\/\/institutfrancais.ro\/timisoara\/wp-content\/uploads\/sites\/5\/2024\/02\/MITROI-if-94-2048x1365.jpg 2048w\" sizes=\"auto, (max-width: 1024px) 100vw, 1024px\" \/><figcaption class=\"wp-element-caption\"><strong><strong><strong><mark style=\"background-color:#ffffff\" class=\"has-inline-color has-black-color\">  Ana-Maria MITROI  <\/mark><\/strong><\/strong><\/strong><\/figcaption><\/figure>\n\n\n\n<figure class=\"wp-block-image size-large is-style-rounded\"><img loading=\"lazy\" decoding=\"async\" width=\"1024\" height=\"683\" data-id=\"5293\" src=\"https:\/\/institutfrancais.ro\/timisoara\/wp-content\/uploads\/sites\/5\/2024\/02\/POJAR-if-124-1024x683.jpg\" alt=\"\" class=\"wp-image-5293\" srcset=\"https:\/\/institutfrancais.ro\/timisoara\/wp-content\/uploads\/sites\/5\/2024\/02\/POJAR-if-124-1024x683.jpg 1024w, https:\/\/institutfrancais.ro\/timisoara\/wp-content\/uploads\/sites\/5\/2024\/02\/POJAR-if-124-300x200.jpg 300w, https:\/\/institutfrancais.ro\/timisoara\/wp-content\/uploads\/sites\/5\/2024\/02\/POJAR-if-124-768x512.jpg 768w, https:\/\/institutfrancais.ro\/timisoara\/wp-content\/uploads\/sites\/5\/2024\/02\/POJAR-if-124-1536x1024.jpg 1536w, https:\/\/institutfrancais.ro\/timisoara\/wp-content\/uploads\/sites\/5\/2024\/02\/POJAR-if-124-2048x1365.jpg 2048w\" sizes=\"auto, (max-width: 1024px) 100vw, 1024px\" \/><figcaption class=\"wp-element-caption\"><strong><strong><strong><mark style=\"background-color:#ffffff\" class=\"has-inline-color has-black-color\"> <strong><strong>  Mirela POJAR  <\/strong><\/strong> <\/mark><\/strong><\/strong><\/strong><\/figcaption><\/figure>\n\n\n\n<figure class=\"wp-block-image size-large is-style-rounded\"><img loading=\"lazy\" decoding=\"async\" width=\"1024\" height=\"683\" data-id=\"5295\" src=\"https:\/\/institutfrancais.ro\/timisoara\/wp-content\/uploads\/sites\/5\/2024\/02\/POPESCU-if-16-1024x683.jpg\" alt=\"\" class=\"wp-image-5295\" srcset=\"https:\/\/institutfrancais.ro\/timisoara\/wp-content\/uploads\/sites\/5\/2024\/02\/POPESCU-if-16-1024x683.jpg 1024w, https:\/\/institutfrancais.ro\/timisoara\/wp-content\/uploads\/sites\/5\/2024\/02\/POPESCU-if-16-300x200.jpg 300w, https:\/\/institutfrancais.ro\/timisoara\/wp-content\/uploads\/sites\/5\/2024\/02\/POPESCU-if-16-768x512.jpg 768w, https:\/\/institutfrancais.ro\/timisoara\/wp-content\/uploads\/sites\/5\/2024\/02\/POPESCU-if-16-1536x1024.jpg 1536w, https:\/\/institutfrancais.ro\/timisoara\/wp-content\/uploads\/sites\/5\/2024\/02\/POPESCU-if-16-2048x1365.jpg 2048w\" sizes=\"auto, (max-width: 1024px) 100vw, 1024px\" \/><figcaption class=\"wp-element-caption\"><strong><strong><strong><mark style=\"background-color:#ffffff\" class=\"has-inline-color has-black-color\">  Mihaela POPESCU  <\/mark><\/strong><\/strong><\/strong><\/figcaption><\/figure>\n\n\n\n<figure class=\"wp-block-image size-large is-style-rounded\"><img loading=\"lazy\" decoding=\"async\" width=\"1024\" height=\"683\" data-id=\"5301\" src=\"https:\/\/institutfrancais.ro\/timisoara\/wp-content\/uploads\/sites\/5\/2024\/02\/RADIVOI-if-34-1024x683.jpg\" alt=\"\" class=\"wp-image-5301\" srcset=\"https:\/\/institutfrancais.ro\/timisoara\/wp-content\/uploads\/sites\/5\/2024\/02\/RADIVOI-if-34-1024x683.jpg 1024w, https:\/\/institutfrancais.ro\/timisoara\/wp-content\/uploads\/sites\/5\/2024\/02\/RADIVOI-if-34-300x200.jpg 300w, https:\/\/institutfrancais.ro\/timisoara\/wp-content\/uploads\/sites\/5\/2024\/02\/RADIVOI-if-34-768x512.jpg 768w, https:\/\/institutfrancais.ro\/timisoara\/wp-content\/uploads\/sites\/5\/2024\/02\/RADIVOI-if-34-1536x1024.jpg 1536w, https:\/\/institutfrancais.ro\/timisoara\/wp-content\/uploads\/sites\/5\/2024\/02\/RADIVOI-if-34-2048x1365.jpg 2048w\" sizes=\"auto, (max-width: 1024px) 100vw, 1024px\" \/><figcaption class=\"wp-element-caption\"><strong><strong><strong><mark style=\"background-color:#ffffff\" class=\"has-inline-color has-black-color\">  Anca RADIVOI  <\/mark><\/strong><\/strong><\/strong><\/figcaption><\/figure>\n\n\n\n<figure class=\"wp-block-image size-large is-style-rounded\"><img loading=\"lazy\" decoding=\"async\" width=\"1024\" height=\"683\" data-id=\"5298\" src=\"https:\/\/institutfrancais.ro\/timisoara\/wp-content\/uploads\/sites\/5\/2024\/02\/SABO-if-71-1024x683.jpg\" alt=\"\" class=\"wp-image-5298\" srcset=\"https:\/\/institutfrancais.ro\/timisoara\/wp-content\/uploads\/sites\/5\/2024\/02\/SABO-if-71-1024x683.jpg 1024w, https:\/\/institutfrancais.ro\/timisoara\/wp-content\/uploads\/sites\/5\/2024\/02\/SABO-if-71-300x200.jpg 300w, https:\/\/institutfrancais.ro\/timisoara\/wp-content\/uploads\/sites\/5\/2024\/02\/SABO-if-71-768x512.jpg 768w, https:\/\/institutfrancais.ro\/timisoara\/wp-content\/uploads\/sites\/5\/2024\/02\/SABO-if-71-1536x1024.jpg 1536w, https:\/\/institutfrancais.ro\/timisoara\/wp-content\/uploads\/sites\/5\/2024\/02\/SABO-if-71-2048x1365.jpg 2048w\" sizes=\"auto, (max-width: 1024px) 100vw, 1024px\" \/><figcaption class=\"wp-element-caption\"><strong><strong><strong><mark style=\"background-color:#ffffff\" class=\"has-inline-color has-black-color\">  Adina SABO  <\/mark><\/strong><\/strong><\/strong><\/figcaption><\/figure>\n\n\n\n<figure class=\"wp-block-image size-large is-style-rounded\"><img loading=\"lazy\" decoding=\"async\" width=\"1024\" height=\"683\" data-id=\"5297\" src=\"https:\/\/institutfrancais.ro\/timisoara\/wp-content\/uploads\/sites\/5\/2024\/02\/TARADACIUC-if-145-1024x683.jpg\" alt=\"\" class=\"wp-image-5297\" srcset=\"https:\/\/institutfrancais.ro\/timisoara\/wp-content\/uploads\/sites\/5\/2024\/02\/TARADACIUC-if-145-1024x683.jpg 1024w, https:\/\/institutfrancais.ro\/timisoara\/wp-content\/uploads\/sites\/5\/2024\/02\/TARADACIUC-if-145-300x200.jpg 300w, https:\/\/institutfrancais.ro\/timisoara\/wp-content\/uploads\/sites\/5\/2024\/02\/TARADACIUC-if-145-768x512.jpg 768w, https:\/\/institutfrancais.ro\/timisoara\/wp-content\/uploads\/sites\/5\/2024\/02\/TARADACIUC-if-145-1536x1024.jpg 1536w, https:\/\/institutfrancais.ro\/timisoara\/wp-content\/uploads\/sites\/5\/2024\/02\/TARADACIUC-if-145-2048x1365.jpg 2048w\" sizes=\"auto, (max-width: 1024px) 100vw, 1024px\" \/><figcaption class=\"wp-element-caption\"><strong><strong><mark style=\"background-color:#ffffff\" class=\"has-inline-color has-black-color\">  Cristina T\u0102R\u0102D\u0102CIUC <strong> <\/strong><\/mark><\/strong><\/strong><\/figcaption><\/figure>\n\n\n\n<figure class=\"wp-block-image size-large is-style-rounded\"><img loading=\"lazy\" decoding=\"async\" width=\"1024\" height=\"683\" data-id=\"5303\" src=\"https:\/\/institutfrancais.ro\/timisoara\/wp-content\/uploads\/sites\/5\/2024\/02\/TOMOIAGA-if-64-1024x683.jpg\" alt=\"\" class=\"wp-image-5303\" srcset=\"https:\/\/institutfrancais.ro\/timisoara\/wp-content\/uploads\/sites\/5\/2024\/02\/TOMOIAGA-if-64-1024x683.jpg 1024w, https:\/\/institutfrancais.ro\/timisoara\/wp-content\/uploads\/sites\/5\/2024\/02\/TOMOIAGA-if-64-300x200.jpg 300w, https:\/\/institutfrancais.ro\/timisoara\/wp-content\/uploads\/sites\/5\/2024\/02\/TOMOIAGA-if-64-768x512.jpg 768w, https:\/\/institutfrancais.ro\/timisoara\/wp-content\/uploads\/sites\/5\/2024\/02\/TOMOIAGA-if-64-1536x1024.jpg 1536w, https:\/\/institutfrancais.ro\/timisoara\/wp-content\/uploads\/sites\/5\/2024\/02\/TOMOIAGA-if-64-2048x1365.jpg 2048w\" sizes=\"auto, (max-width: 1024px) 100vw, 1024px\" \/><figcaption class=\"wp-element-caption\"><strong><strong><strong><mark style=\"background-color:#ffffff\" class=\"has-inline-color has-black-color\">  Andreea Valentina TOMOIAG\u0102  <\/mark><\/strong><\/strong><\/strong><\/figcaption><\/figure>\n\n\n\n<figure class=\"wp-block-image size-large is-style-rounded\"><img loading=\"lazy\" decoding=\"async\" width=\"1024\" height=\"683\" data-id=\"5305\" src=\"https:\/\/institutfrancais.ro\/timisoara\/wp-content\/uploads\/sites\/5\/2024\/02\/VECHE-if-75-1024x683.jpg\" alt=\"\" class=\"wp-image-5305\" srcset=\"https:\/\/institutfrancais.ro\/timisoara\/wp-content\/uploads\/sites\/5\/2024\/02\/VECHE-if-75-1024x683.jpg 1024w, https:\/\/institutfrancais.ro\/timisoara\/wp-content\/uploads\/sites\/5\/2024\/02\/VECHE-if-75-300x200.jpg 300w, https:\/\/institutfrancais.ro\/timisoara\/wp-content\/uploads\/sites\/5\/2024\/02\/VECHE-if-75-768x512.jpg 768w, https:\/\/institutfrancais.ro\/timisoara\/wp-content\/uploads\/sites\/5\/2024\/02\/VECHE-if-75-1536x1024.jpg 1536w, https:\/\/institutfrancais.ro\/timisoara\/wp-content\/uploads\/sites\/5\/2024\/02\/VECHE-if-75-2048x1365.jpg 2048w\" sizes=\"auto, (max-width: 1024px) 100vw, 1024px\" \/><figcaption class=\"wp-element-caption\"><strong><strong><strong><mark style=\"background-color:#ffffff\" class=\"has-inline-color has-black-color\">  Bogdan VECHE  <\/mark><\/strong><\/strong><\/strong><\/figcaption><\/figure>\n\n\n\n<figure class=\"wp-block-image size-large is-style-rounded\"><img loading=\"lazy\" decoding=\"async\" width=\"1024\" height=\"683\" data-id=\"5309\" src=\"https:\/\/institutfrancais.ro\/timisoara\/wp-content\/uploads\/sites\/5\/2024\/02\/VINGAN-if-42-1024x683.jpg\" alt=\"\" class=\"wp-image-5309\" srcset=\"https:\/\/institutfrancais.ro\/timisoara\/wp-content\/uploads\/sites\/5\/2024\/02\/VINGAN-if-42-1024x683.jpg 1024w, https:\/\/institutfrancais.ro\/timisoara\/wp-content\/uploads\/sites\/5\/2024\/02\/VINGAN-if-42-300x200.jpg 300w, https:\/\/institutfrancais.ro\/timisoara\/wp-content\/uploads\/sites\/5\/2024\/02\/VINGAN-if-42-768x512.jpg 768w, https:\/\/institutfrancais.ro\/timisoara\/wp-content\/uploads\/sites\/5\/2024\/02\/VINGAN-if-42-1536x1024.jpg 1536w, https:\/\/institutfrancais.ro\/timisoara\/wp-content\/uploads\/sites\/5\/2024\/02\/VINGAN-if-42-2048x1365.jpg 2048w\" sizes=\"auto, (max-width: 1024px) 100vw, 1024px\" \/><figcaption class=\"wp-element-caption\"><strong><strong><strong><mark style=\"background-color:#ffffff\" class=\"has-inline-color has-black-color\">  Marinela VINGAN  <\/mark><\/strong><\/strong><\/strong><\/figcaption><\/figure>\n\n\n\n<figure class=\"wp-block-image size-large is-style-rounded\"><img loading=\"lazy\" decoding=\"async\" width=\"2048\" height=\"1280\" data-id=\"5320\" src=\"https:\/\/institutfrancais.ro\/timisoara\/wp-content\/uploads\/sites\/5\/2024\/02\/VOICIU-photo-edited.jpg\" alt=\"\" class=\"wp-image-5320\" srcset=\"https:\/\/institutfrancais.ro\/timisoara\/wp-content\/uploads\/sites\/5\/2024\/02\/VOICIU-photo-edited.jpg 2048w, https:\/\/institutfrancais.ro\/timisoara\/wp-content\/uploads\/sites\/5\/2024\/02\/VOICIU-photo-edited-300x188.jpg 300w, https:\/\/institutfrancais.ro\/timisoara\/wp-content\/uploads\/sites\/5\/2024\/02\/VOICIU-photo-edited-1024x640.jpg 1024w, https:\/\/institutfrancais.ro\/timisoara\/wp-content\/uploads\/sites\/5\/2024\/02\/VOICIU-photo-edited-768x480.jpg 768w, https:\/\/institutfrancais.ro\/timisoara\/wp-content\/uploads\/sites\/5\/2024\/02\/VOICIU-photo-edited-1536x960.jpg 1536w\" sizes=\"auto, (max-width: 2048px) 100vw, 2048px\" \/><figcaption class=\"wp-element-caption\"><strong><strong><strong><mark style=\"background-color:#ffffff\" class=\"has-inline-color has-black-color\">  Bianca VOICIU  <\/mark><\/strong><\/strong><\/strong><\/figcaption><\/figure>\n<\/figure>\n","protected":false},"excerpt":{"rendered":"","protected":false},"author":16,"featured_media":4289,"comment_status":"closed","ping_status":"closed","sticky":false,"template":"","format":"standard","meta":{"footnotes":""},"categories":[404],"tags":[],"class_list":["post-5334","post","type-post","status-publish","format-standard","has-post-thumbnail","hentry","category-echipa"],"_links":{"self":[{"href":"https:\/\/institutfrancais.ro\/timisoara\/wp-json\/wp\/v2\/posts\/5334","targetHints":{"allow":["GET"]}}],"collection":[{"href":"https:\/\/institutfrancais.ro\/timisoara\/wp-json\/wp\/v2\/posts"}],"about":[{"href":"https:\/\/institutfrancais.ro\/timisoara\/wp-json\/wp\/v2\/types\/post"}],"author":[{"embeddable":true,"href":"https:\/\/institutfrancais.ro\/timisoara\/wp-json\/wp\/v2\/users\/16"}],"replies":[{"embeddable":true,"href":"https:\/\/institutfrancais.ro\/timisoara\/wp-json\/wp\/v2\/comments?post=5334"}],"version-history":[{"count":8,"href":"https:\/\/institutfrancais.ro\/timisoara\/wp-json\/wp\/v2\/posts\/5334\/revisions"}],"predecessor-version":[{"id":7091,"href":"https:\/\/institutfrancais.ro\/timisoara\/wp-json\/wp\/v2\/posts\/5334\/revisions\/7091"}],"wp:featuredmedia":[{"embeddable":true,"href":"https:\/\/institutfrancais.ro\/timisoara\/wp-json\/wp\/v2\/media\/4289"}],"wp:attachment":[{"href":"https:\/\/institutfrancais.ro\/timisoara\/wp-json\/wp\/v2\/media?parent=5334"}],"wp:term":[{"taxonomy":"category","embeddable":true,"href":"https:\/\/institutfrancais.ro\/timisoara\/wp-json\/wp\/v2\/categories?post=5334"},{"taxonomy":"post_tag","embeddable":true,"href":"https:\/\/institutfrancais.ro\/timisoara\/wp-json\/wp\/v2\/tags?post=5334"}],"curies":[{"name":"wp","href":"https:\/\/api.w.org\/{rel}","templated":true}]}}